{"id":1320,"date":"2020-07-19T16:20:21","date_gmt":"2020-07-19T14:20:21","guid":{"rendered":"https:\/\/pmab.it\/?p=1320"},"modified":"2025-02-10T16:20:36","modified_gmt":"2025-02-10T15:20:36","slug":"die-abtragung-des-erdreichs-reicht-nicht-fuer-den-baubeginn","status":"publish","type":"post","link":"https:\/\/pmab.it\/it\/die-abtragung-des-erdreichs-reicht-nicht-fuer-den-baubeginn\/","title":{"rendered":"Die Abtragung des Erdreichs reicht nicht f\u00fcr den Baubeginn!"},"content":{"rendered":"<p>Genauso wie das alte sieht auch das neue Landesraumordnungsgesetz vor, dass der Baubeginn innerhalb eines Jahres ab Erlangung der Baugenehmigung \u2013 bei sonstigem Verfall derselben &#8211; erfolgen muss (Art. 75). Die reine Meldung des Baubeginns reicht somit nicht aus, um den Verfall der Baugenehmigung zu verhindern: Es muss tats\u00e4chlich und effektiv mit den Arbeiten begonnen werden.<\/p>\n<p><strong>Doch welche Arbeiten sind notwendig, um einen m\u00f6glichen Konzessionsverfall abzuwenden?<\/strong><br \/>\nMit dem k\u00fcrzlich ergangenen Urteil Nr. 144\/2020 hat das Verwaltungsgericht Bozen festgehalten, dass f\u00fcr einen effektiven Baubeginn \u201edirekte und unmittelbar mit den Bauarbeiten verbundene und konkrete Baut\u00e4tigkeiten vor Ort ausgef\u00fchrt werden m\u00fcssen.\u201c<br \/>\nGem\u00e4\u00df besagtem Urteil reichen folgende Arbeiten f\u00fcr einen Baubeginn nicht aus:<\/p>\n<ul>\n<li>die Errichtung des Baustellenzauns<\/li>\n<li>die S\u00e4uberung des Baustellenbereichs<\/li>\n<li>die Anbringung der Baustellenschilder<\/li>\n<li>das F\u00e4llen von B\u00e4umen<\/li>\n<li>das \u00d6ffnen eines Zugangs zum Bauobjekt<\/li>\n<li>der Abriss eines Teils einer Grenzmauer<\/li>\n<li>die Abtragung des Erdreichs<\/li>\n<li>die Ausf\u00fchrung von Grabungsarbeiten.<\/li>\n<\/ul>\n<p>Damit ein Baubeginn als effektiv gilt, ist es daher bei einem Neubau notwendig, dass zumindest die Fundamentplatte gegossen worden ist.<br \/>\nBei Abbruch- und Wiederaufbauarbeiten hat das Verwaltungsgericht Bozen hingegen \u201eden durch Eintr\u00e4ge im Tagebuch der Arbeiten dokumentierten Beginn der Abbrucharbeiten\u201c als ausreichend befunden.<\/p>\n<p>Ein effektiver Baubeginn ist somit wichtig und macht auch aus einem anderen Grund Sinn. Immer gem\u00e4\u00df Art. 75 des neuen Landesraumordnungsgesetzes verf\u00e4llt n\u00e4mlich die Baugenehmigung, wenn nach Erlass derselben Raumplanungsvorgaben in Kraft treten, die mit ihr in Widerspruch stehen. Damit droht sogar der Verlust der Baurechte und das Bauprojekt k\u00f6nnte m\u00f6glicher Weise nie mehr realisiert werden. Nur f\u00fcr den Fall, dass die Arbeiten bereits begonnen worden sind, ist man vor einem Verfall der Baugenehmigung gesch\u00fctzt.<\/p>\n","protected":false},"excerpt":{"rendered":"<p>Genauso wie das alte sieht auch das neue Landesraumordnungsgesetz vor, dass der Baubeginn innerhalb eines Jahres ab Erlangung der Baugenehmigung \u2013 bei sonstigem Verfall derselben &#8211; erfolgen muss (Art. 75). Die reine Meldung des Baubeginns reicht somit nicht aus, um den Verfall der Baugenehmigung zu verhindern: Es muss tats\u00e4chlich und effektiv mit den Arbeiten begonnen [&hellip;]<\/p>\n","protected":false},"author":1,"featured_media":0,"comment_status":"closed","ping_status":"closed","sticky":false,"template":"","format":"standard","meta":{"_acf_changed":false,"footnotes":""},"categories":[1],"tags":[],"class_list":["post-1320","post","type-post","status-publish","format-standard","hentry","category-unkategorisiert"],"acf":[],"yoast_head":"<!-- This site is optimized with the Yoast SEO plugin v27.3 - https:\/\/yoast.com\/product\/yoast-seo-wordpress\/ -->\n<title>Studio legale PMAB Bolzano \u2013 News &amp; Stampa \u2013 Die Abtragung des Erdreichs reicht nicht f\u00fcr den Baubeginn!<\/title>\n<meta name=\"description\" content=\"Notizie, articoli e comunicati stampa dello studio legale PMAB a Bolzano. Aggiornamenti giuridici e novit\u00e0 dallo studio.\" \/>\n<meta name=\"robots\" content=\"index, follow, max-snippet:-1, max-image-preview:large, max-video-preview:-1\" \/>\n<link rel=\"canonical\" href=\"https:\/\/pmab.it\/it\/die-abtragung-des-erdreichs-reicht-nicht-fuer-den-baubeginn\/\" \/>\n<meta property=\"og:locale\" content=\"it_IT\" \/>\n<meta property=\"og:type\" content=\"article\" \/>\n<meta property=\"og:title\" content=\"Studio legale PMAB Bolzano \u2013 News &amp; Stampa \u2013 Die Abtragung des Erdreichs reicht nicht f\u00fcr den Baubeginn!\" \/>\n<meta property=\"og:description\" content=\"Notizie, articoli e comunicati stampa dello studio legale PMAB a Bolzano. Aggiornamenti giuridici e novit\u00e0 dallo studio.\" \/>\n<meta property=\"og:url\" content=\"https:\/\/pmab.it\/it\/die-abtragung-des-erdreichs-reicht-nicht-fuer-den-baubeginn\/\" \/>\n<meta property=\"og:site_name\" content=\"PMAB\" \/>\n<meta property=\"article:published_time\" content=\"2020-07-19T14:20:21+00:00\" \/>\n<meta property=\"article:modified_time\" content=\"2025-02-10T15:20:36+00:00\" \/>\n<meta property=\"og:image\" content=\"https:\/\/pmab.it\/wp-content\/uploads\/2025\/02\/pmab-meeting-room-resized.jpg\" \/>\n\t<meta property=\"og:image:width\" content=\"2048\" \/>\n\t<meta property=\"og:image:height\" content=\"1363\" \/>\n\t<meta property=\"og:image:type\" content=\"image\/jpeg\" \/>\n<meta name=\"author\" content=\"Webmaster\" \/>\n<meta name=\"twitter:card\" content=\"summary_large_image\" \/>\n<meta name=\"twitter:label1\" content=\"Scritto da\" \/>\n\t<meta name=\"twitter:data1\" content=\"Webmaster\" \/>\n\t<meta name=\"twitter:label2\" content=\"Tempo di lettura stimato\" \/>\n\t<meta name=\"twitter:data2\" content=\"2 minuti\" \/>\n<script type=\"application\/ld+json\" class=\"yoast-schema-graph\">{\"@context\":\"https:\\\/\\\/schema.org\",\"@graph\":[{\"@type\":\"Article\",\"@id\":\"https:\\\/\\\/pmab.it\\\/it\\\/die-abtragung-des-erdreichs-reicht-nicht-fuer-den-baubeginn\\\/#article\",\"isPartOf\":{\"@id\":\"https:\\\/\\\/pmab.it\\\/it\\\/die-abtragung-des-erdreichs-reicht-nicht-fuer-den-baubeginn\\\/\"},\"author\":{\"name\":\"Webmaster\",\"@id\":\"https:\\\/\\\/pmab.it\\\/it\\\/#\\\/schema\\\/person\\\/4253fc53149bb462a2c696ea7c744328\"},\"headline\":\"Die Abtragung des Erdreichs reicht nicht f\u00fcr den Baubeginn!\",\"datePublished\":\"2020-07-19T14:20:21+00:00\",\"dateModified\":\"2025-02-10T15:20:36+00:00\",\"mainEntityOfPage\":{\"@id\":\"https:\\\/\\\/pmab.it\\\/it\\\/die-abtragung-des-erdreichs-reicht-nicht-fuer-den-baubeginn\\\/\"},\"wordCount\":288,\"publisher\":{\"@id\":\"https:\\\/\\\/pmab.it\\\/it\\\/#organization\"},\"articleSection\":[\"Unkategorisiert\"],\"inLanguage\":\"it-IT\"},{\"@type\":\"WebPage\",\"@id\":\"https:\\\/\\\/pmab.it\\\/it\\\/die-abtragung-des-erdreichs-reicht-nicht-fuer-den-baubeginn\\\/\",\"url\":\"https:\\\/\\\/pmab.it\\\/it\\\/die-abtragung-des-erdreichs-reicht-nicht-fuer-den-baubeginn\\\/\",\"name\":\"Studio legale PMAB Bolzano \u2013 News & Stampa \u2013 Die Abtragung des Erdreichs reicht nicht f\u00fcr den Baubeginn!\",\"isPartOf\":{\"@id\":\"https:\\\/\\\/pmab.it\\\/it\\\/#website\"},\"datePublished\":\"2020-07-19T14:20:21+00:00\",\"dateModified\":\"2025-02-10T15:20:36+00:00\",\"description\":\"Notizie, articoli e comunicati stampa dello studio legale PMAB a Bolzano. Aggiornamenti giuridici e novit\u00e0 dallo studio.\",\"breadcrumb\":{\"@id\":\"https:\\\/\\\/pmab.it\\\/it\\\/die-abtragung-des-erdreichs-reicht-nicht-fuer-den-baubeginn\\\/#breadcrumb\"},\"inLanguage\":\"it-IT\",\"potentialAction\":[{\"@type\":\"ReadAction\",\"target\":[\"https:\\\/\\\/pmab.it\\\/it\\\/die-abtragung-des-erdreichs-reicht-nicht-fuer-den-baubeginn\\\/\"]}]},{\"@type\":\"BreadcrumbList\",\"@id\":\"https:\\\/\\\/pmab.it\\\/it\\\/die-abtragung-des-erdreichs-reicht-nicht-fuer-den-baubeginn\\\/#breadcrumb\",\"itemListElement\":[{\"@type\":\"ListItem\",\"position\":1,\"name\":\"Home\",\"item\":\"https:\\\/\\\/pmab.it\\\/it\\\/\"},{\"@type\":\"ListItem\",\"position\":2,\"name\":\"Die Abtragung des Erdreichs reicht nicht f\u00fcr den Baubeginn!\"}]},{\"@type\":\"WebSite\",\"@id\":\"https:\\\/\\\/pmab.it\\\/it\\\/#website\",\"url\":\"https:\\\/\\\/pmab.it\\\/it\\\/\",\"name\":\"PMAB. Anw\u00e4lte Avvocati\",\"description\":\"Lo studio legale PMAB a Bolzano e Merano offre assistenza in diritto civile, di famiglia, del lavoro, societario, amministrativo e tributario.\",\"publisher\":{\"@id\":\"https:\\\/\\\/pmab.it\\\/it\\\/#organization\"},\"alternateName\":\"PMAB - Anwaltskanzlei in Bozen und Meran\",\"potentialAction\":[{\"@type\":\"SearchAction\",\"target\":{\"@type\":\"EntryPoint\",\"urlTemplate\":\"https:\\\/\\\/pmab.it\\\/it\\\/?s={search_term_string}\"},\"query-input\":{\"@type\":\"PropertyValueSpecification\",\"valueRequired\":true,\"valueName\":\"search_term_string\"}}],\"inLanguage\":\"it-IT\"},{\"@type\":\"Organization\",\"@id\":\"https:\\\/\\\/pmab.it\\\/it\\\/#organization\",\"name\":\"PMAB. Anw\u00e4lte Avvocati\",\"url\":\"https:\\\/\\\/pmab.it\\\/it\\\/\",\"logo\":{\"@type\":\"ImageObject\",\"inLanguage\":\"it-IT\",\"@id\":\"https:\\\/\\\/pmab.it\\\/it\\\/#\\\/schema\\\/logo\\\/image\\\/\",\"url\":\"https:\\\/\\\/pmab.it\\\/wp-content\\\/uploads\\\/2024\\\/12\\\/PMAB-anthrazit-large.png\",\"contentUrl\":\"https:\\\/\\\/pmab.it\\\/wp-content\\\/uploads\\\/2024\\\/12\\\/PMAB-anthrazit-large.png\",\"width\":1299,\"height\":319,\"caption\":\"PMAB. Anw\u00e4lte Avvocati\"},\"image\":{\"@id\":\"https:\\\/\\\/pmab.it\\\/it\\\/#\\\/schema\\\/logo\\\/image\\\/\"}},{\"@type\":\"Person\",\"@id\":\"https:\\\/\\\/pmab.it\\\/it\\\/#\\\/schema\\\/person\\\/4253fc53149bb462a2c696ea7c744328\",\"name\":\"Webmaster\",\"image\":{\"@type\":\"ImageObject\",\"inLanguage\":\"it-IT\",\"@id\":\"https:\\\/\\\/secure.gravatar.com\\\/avatar\\\/bfa221db63a615db154bcb5b3b83101c01a68321277aead0e6863b31401c514b?s=96&d=mm&r=g\",\"url\":\"https:\\\/\\\/secure.gravatar.com\\\/avatar\\\/bfa221db63a615db154bcb5b3b83101c01a68321277aead0e6863b31401c514b?s=96&d=mm&r=g\",\"contentUrl\":\"https:\\\/\\\/secure.gravatar.com\\\/avatar\\\/bfa221db63a615db154bcb5b3b83101c01a68321277aead0e6863b31401c514b?s=96&d=mm&r=g\",\"caption\":\"Webmaster\"},\"sameAs\":[\"https:\\\/\\\/pmab.it\"]}]}<\/script>\n<!-- \/ Yoast SEO plugin. -->","yoast_head_json":{"title":"Studio legale PMAB Bolzano \u2013 News & Stampa \u2013 Die Abtragung des Erdreichs reicht nicht f\u00fcr den Baubeginn!","description":"Notizie, articoli e comunicati stampa dello studio legale PMAB a Bolzano. Aggiornamenti giuridici e novit\u00e0 dallo studio.","robots":{"index":"index","follow":"follow","max-snippet":"max-snippet:-1","max-image-preview":"max-image-preview:large","max-video-preview":"max-video-preview:-1"},"canonical":"https:\/\/pmab.it\/it\/die-abtragung-des-erdreichs-reicht-nicht-fuer-den-baubeginn\/","og_locale":"it_IT","og_type":"article","og_title":"Studio legale PMAB Bolzano \u2013 News & Stampa \u2013 Die Abtragung des Erdreichs reicht nicht f\u00fcr den Baubeginn!","og_description":"Notizie, articoli e comunicati stampa dello studio legale PMAB a Bolzano. Aggiornamenti giuridici e novit\u00e0 dallo studio.","og_url":"https:\/\/pmab.it\/it\/die-abtragung-des-erdreichs-reicht-nicht-fuer-den-baubeginn\/","og_site_name":"PMAB","article_published_time":"2020-07-19T14:20:21+00:00","article_modified_time":"2025-02-10T15:20:36+00:00","og_image":[{"width":2048,"height":1363,"url":"https:\/\/pmab.it\/wp-content\/uploads\/2025\/02\/pmab-meeting-room-resized.jpg","type":"image\/jpeg"}],"author":"Webmaster","twitter_card":"summary_large_image","twitter_misc":{"Scritto da":"Webmaster","Tempo di lettura stimato":"2 minuti"},"schema":{"@context":"https:\/\/schema.org","@graph":[{"@type":"Article","@id":"https:\/\/pmab.it\/it\/die-abtragung-des-erdreichs-reicht-nicht-fuer-den-baubeginn\/#article","isPartOf":{"@id":"https:\/\/pmab.it\/it\/die-abtragung-des-erdreichs-reicht-nicht-fuer-den-baubeginn\/"},"author":{"name":"Webmaster","@id":"https:\/\/pmab.it\/it\/#\/schema\/person\/4253fc53149bb462a2c696ea7c744328"},"headline":"Die Abtragung des Erdreichs reicht nicht f\u00fcr den Baubeginn!","datePublished":"2020-07-19T14:20:21+00:00","dateModified":"2025-02-10T15:20:36+00:00","mainEntityOfPage":{"@id":"https:\/\/pmab.it\/it\/die-abtragung-des-erdreichs-reicht-nicht-fuer-den-baubeginn\/"},"wordCount":288,"publisher":{"@id":"https:\/\/pmab.it\/it\/#organization"},"articleSection":["Unkategorisiert"],"inLanguage":"it-IT"},{"@type":"WebPage","@id":"https:\/\/pmab.it\/it\/die-abtragung-des-erdreichs-reicht-nicht-fuer-den-baubeginn\/","url":"https:\/\/pmab.it\/it\/die-abtragung-des-erdreichs-reicht-nicht-fuer-den-baubeginn\/","name":"Studio legale PMAB Bolzano \u2013 News & Stampa \u2013 Die Abtragung des Erdreichs reicht nicht f\u00fcr den Baubeginn!","isPartOf":{"@id":"https:\/\/pmab.it\/it\/#website"},"datePublished":"2020-07-19T14:20:21+00:00","dateModified":"2025-02-10T15:20:36+00:00","description":"Notizie, articoli e comunicati stampa dello studio legale PMAB a Bolzano. Aggiornamenti giuridici e novit\u00e0 dallo studio.","breadcrumb":{"@id":"https:\/\/pmab.it\/it\/die-abtragung-des-erdreichs-reicht-nicht-fuer-den-baubeginn\/#breadcrumb"},"inLanguage":"it-IT","potentialAction":[{"@type":"ReadAction","target":["https:\/\/pmab.it\/it\/die-abtragung-des-erdreichs-reicht-nicht-fuer-den-baubeginn\/"]}]},{"@type":"BreadcrumbList","@id":"https:\/\/pmab.it\/it\/die-abtragung-des-erdreichs-reicht-nicht-fuer-den-baubeginn\/#breadcrumb","itemListElement":[{"@type":"ListItem","position":1,"name":"Home","item":"https:\/\/pmab.it\/it\/"},{"@type":"ListItem","position":2,"name":"Die Abtragung des Erdreichs reicht nicht f\u00fcr den Baubeginn!"}]},{"@type":"WebSite","@id":"https:\/\/pmab.it\/it\/#website","url":"https:\/\/pmab.it\/it\/","name":"PMAB. Anw\u00e4lte Avvocati","description":"Lo studio legale PMAB a Bolzano e Merano offre assistenza in diritto civile, di famiglia, del lavoro, societario, amministrativo e tributario.","publisher":{"@id":"https:\/\/pmab.it\/it\/#organization"},"alternateName":"PMAB - Anwaltskanzlei in Bozen und Meran","potentialAction":[{"@type":"SearchAction","target":{"@type":"EntryPoint","urlTemplate":"https:\/\/pmab.it\/it\/?s={search_term_string}"},"query-input":{"@type":"PropertyValueSpecification","valueRequired":true,"valueName":"search_term_string"}}],"inLanguage":"it-IT"},{"@type":"Organization","@id":"https:\/\/pmab.it\/it\/#organization","name":"PMAB. Anw\u00e4lte Avvocati","url":"https:\/\/pmab.it\/it\/","logo":{"@type":"ImageObject","inLanguage":"it-IT","@id":"https:\/\/pmab.it\/it\/#\/schema\/logo\/image\/","url":"https:\/\/pmab.it\/wp-content\/uploads\/2024\/12\/PMAB-anthrazit-large.png","contentUrl":"https:\/\/pmab.it\/wp-content\/uploads\/2024\/12\/PMAB-anthrazit-large.png","width":1299,"height":319,"caption":"PMAB. Anw\u00e4lte Avvocati"},"image":{"@id":"https:\/\/pmab.it\/it\/#\/schema\/logo\/image\/"}},{"@type":"Person","@id":"https:\/\/pmab.it\/it\/#\/schema\/person\/4253fc53149bb462a2c696ea7c744328","name":"Webmaster","image":{"@type":"ImageObject","inLanguage":"it-IT","@id":"https:\/\/secure.gravatar.com\/avatar\/bfa221db63a615db154bcb5b3b83101c01a68321277aead0e6863b31401c514b?s=96&d=mm&r=g","url":"https:\/\/secure.gravatar.com\/avatar\/bfa221db63a615db154bcb5b3b83101c01a68321277aead0e6863b31401c514b?s=96&d=mm&r=g","contentUrl":"https:\/\/secure.gravatar.com\/avatar\/bfa221db63a615db154bcb5b3b83101c01a68321277aead0e6863b31401c514b?s=96&d=mm&r=g","caption":"Webmaster"},"sameAs":["https:\/\/pmab.it"]}]}},"_links":{"self":[{"href":"https:\/\/pmab.it\/it\/wp-json\/wp\/v2\/posts\/1320","targetHints":{"allow":["GET"]}}],"collection":[{"href":"https:\/\/pmab.it\/it\/wp-json\/wp\/v2\/posts"}],"about":[{"href":"https:\/\/pmab.it\/it\/wp-json\/wp\/v2\/types\/post"}],"author":[{"embeddable":true,"href":"https:\/\/pmab.it\/it\/wp-json\/wp\/v2\/users\/1"}],"replies":[{"embeddable":true,"href":"https:\/\/pmab.it\/it\/wp-json\/wp\/v2\/comments?post=1320"}],"version-history":[{"count":0,"href":"https:\/\/pmab.it\/it\/wp-json\/wp\/v2\/posts\/1320\/revisions"}],"wp:attachment":[{"href":"https:\/\/pmab.it\/it\/wp-json\/wp\/v2\/media?parent=1320"}],"wp:term":[{"taxonomy":"category","embeddable":true,"href":"https:\/\/pmab.it\/it\/wp-json\/wp\/v2\/categories?post=1320"},{"taxonomy":"post_tag","embeddable":true,"href":"https:\/\/pmab.it\/it\/wp-json\/wp\/v2\/tags?post=1320"}],"curies":[{"name":"wp","href":"https:\/\/api.w.org\/{rel}","templated":true}]}}