{"id":1330,"date":"2020-11-12T16:42:46","date_gmt":"2020-11-12T15:42:46","guid":{"rendered":"https:\/\/pmab.it\/?p=1330"},"modified":"2025-02-10T16:43:20","modified_gmt":"2025-02-10T15:43:20","slug":"amtsdauer-der-gemeindebaukommissionen-wird-verlaengert","status":"publish","type":"post","link":"https:\/\/pmab.it\/it\/amtsdauer-der-gemeindebaukommissionen-wird-verlaengert\/","title":{"rendered":"Amtsdauer der Gemeindebaukommissionen wird verl\u00e4ngert"},"content":{"rendered":"<p>Eigentlich h\u00e4tten sp\u00e4testens am 06. November 2020 die neuen Gemeindekommissionen f\u00fcr Raum und Landschaft ihre T\u00e4tigkeit aufnehmen sollen. Da die Gemeinderatswahlen aufgrund der Covid-19-Pandemie allerdings auf den Herbst verschoben worden sind, war es nicht m\u00f6glich, die Mitglieder der Kommission rechtzeitig durch die neu gew\u00e4hlten Gemeinder\u00e4te zu ernennen.<\/p>\n<p>Au\u00dferdem hat die Landesregierung auch noch nicht das Verzeichnis der Sachverst\u00e4ndigen erstellt. Landeshauptmann Arno Kompatscher hat daher mit einer neuen Dringlichkeitsma\u00dfnahme (Nr. 48\/2020 vom 23.10.2020) den Zeitraum f\u00fcr die Ernennung der Kommissionen f\u00fcr Landschaft und Raum bis zum 31.12.2020 verl\u00e4ngert. Bis dahin und jedenfalls bis die neu gew\u00e4hlten Gemeinder\u00e4te alle Mitglieder der Kommission ernannt haben, bleiben die bestehenden Gemeindebaukommissionen im Amt. \u201eMit dieser Ma\u00dfnahme wird die Kontinuit\u00e4t der Verwaltungst\u00e4tigkeit gew\u00e4hrleistet&#8221;, erkl\u00e4rt der Landeshauptmann.<\/p>\n<p>Ebenso bleiben die geltenden Gemeindebauordnungen bis zum 31. Dezember 2020 und jedenfalls bis eine neue Gemeindebauordnung genehmigt worden ist, aufrecht. Allerdings m\u00fcssen diese mit dem neuen Gesetz f\u00fcr Landschaft und Raum, welches das alte Landesraumordnungsgesetz ersetzt, \u00fcbereinstimmen.<\/p>\n<p>Die Verordnung sieht auch vor, dass alle Antr\u00e4ge auf Erlass einer Baugenehmigung, welche bis Ende des Jahres eingereicht werden und bis die neue Gemeindebauordnung ergangen ist, von der alten Gemeindebaukommission gepr\u00fcft werden.<\/p>\n","protected":false},"excerpt":{"rendered":"<p>Eigentlich h\u00e4tten sp\u00e4testens am 06. November 2020 die neuen Gemeindekommissionen f\u00fcr Raum und Landschaft ihre T\u00e4tigkeit aufnehmen sollen. Da die Gemeinderatswahlen aufgrund der Covid-19-Pandemie allerdings auf den Herbst verschoben worden sind, war es nicht m\u00f6glich, die Mitglieder der Kommission rechtzeitig durch die neu gew\u00e4hlten Gemeinder\u00e4te zu ernennen. Au\u00dferdem hat die Landesregierung auch noch nicht das [&hellip;]<\/p>\n","protected":false},"author":1,"featured_media":0,"comment_status":"closed","ping_status":"closed","sticky":false,"template":"","format":"standard","meta":{"_acf_changed":false,"footnotes":""},"categories":[1],"tags":[],"class_list":["post-1330","post","type-post","status-publish","format-standard","hentry","category-unkategorisiert"],"acf":[],"yoast_head":"<!-- This site is optimized with the Yoast SEO plugin v27.3 - https:\/\/yoast.com\/product\/yoast-seo-wordpress\/ -->\n<title>Studio legale PMAB Bolzano \u2013 News &amp; Stampa \u2013 Amtsdauer der Gemeindebaukommissionen wird verl\u00e4ngert<\/title>\n<meta name=\"description\" content=\"Notizie, articoli e comunicati stampa dello studio legale PMAB a Bolzano. Aggiornamenti giuridici e novit\u00e0 dallo studio.\" \/>\n<meta name=\"robots\" content=\"index, follow, max-snippet:-1, max-image-preview:large, max-video-preview:-1\" \/>\n<link rel=\"canonical\" href=\"https:\/\/pmab.it\/it\/amtsdauer-der-gemeindebaukommissionen-wird-verlaengert\/\" \/>\n<meta property=\"og:locale\" content=\"it_IT\" \/>\n<meta property=\"og:type\" content=\"article\" \/>\n<meta property=\"og:title\" content=\"Studio legale PMAB Bolzano \u2013 News &amp; Stampa \u2013 Amtsdauer der Gemeindebaukommissionen wird verl\u00e4ngert\" \/>\n<meta property=\"og:description\" content=\"Notizie, articoli e comunicati stampa dello studio legale PMAB a Bolzano. Aggiornamenti giuridici e novit\u00e0 dallo studio.\" \/>\n<meta property=\"og:url\" content=\"https:\/\/pmab.it\/it\/amtsdauer-der-gemeindebaukommissionen-wird-verlaengert\/\" \/>\n<meta property=\"og:site_name\" content=\"PMAB\" \/>\n<meta property=\"article:published_time\" content=\"2020-11-12T15:42:46+00:00\" \/>\n<meta property=\"article:modified_time\" content=\"2025-02-10T15:43:20+00:00\" \/>\n<meta property=\"og:image\" content=\"https:\/\/pmab.it\/wp-content\/uploads\/2025\/02\/pmab-meeting-room-resized.jpg\" \/>\n\t<meta property=\"og:image:width\" content=\"2048\" \/>\n\t<meta property=\"og:image:height\" content=\"1363\" \/>\n\t<meta property=\"og:image:type\" content=\"image\/jpeg\" \/>\n<meta name=\"author\" content=\"Webmaster\" \/>\n<meta name=\"twitter:card\" content=\"summary_large_image\" \/>\n<meta name=\"twitter:label1\" content=\"Scritto da\" \/>\n\t<meta name=\"twitter:data1\" content=\"Webmaster\" \/>\n\t<meta name=\"twitter:label2\" content=\"Tempo di lettura stimato\" \/>\n\t<meta name=\"twitter:data2\" content=\"2 minuti\" \/>\n<script type=\"application\/ld+json\" class=\"yoast-schema-graph\">{\"@context\":\"https:\\\/\\\/schema.org\",\"@graph\":[{\"@type\":\"Article\",\"@id\":\"https:\\\/\\\/pmab.it\\\/it\\\/amtsdauer-der-gemeindebaukommissionen-wird-verlaengert\\\/#article\",\"isPartOf\":{\"@id\":\"https:\\\/\\\/pmab.it\\\/it\\\/amtsdauer-der-gemeindebaukommissionen-wird-verlaengert\\\/\"},\"author\":{\"name\":\"Webmaster\",\"@id\":\"https:\\\/\\\/pmab.it\\\/it\\\/#\\\/schema\\\/person\\\/4253fc53149bb462a2c696ea7c744328\"},\"headline\":\"Amtsdauer der Gemeindebaukommissionen wird verl\u00e4ngert\",\"datePublished\":\"2020-11-12T15:42:46+00:00\",\"dateModified\":\"2025-02-10T15:43:20+00:00\",\"mainEntityOfPage\":{\"@id\":\"https:\\\/\\\/pmab.it\\\/it\\\/amtsdauer-der-gemeindebaukommissionen-wird-verlaengert\\\/\"},\"wordCount\":213,\"publisher\":{\"@id\":\"https:\\\/\\\/pmab.it\\\/it\\\/#organization\"},\"articleSection\":[\"Unkategorisiert\"],\"inLanguage\":\"it-IT\"},{\"@type\":\"WebPage\",\"@id\":\"https:\\\/\\\/pmab.it\\\/it\\\/amtsdauer-der-gemeindebaukommissionen-wird-verlaengert\\\/\",\"url\":\"https:\\\/\\\/pmab.it\\\/it\\\/amtsdauer-der-gemeindebaukommissionen-wird-verlaengert\\\/\",\"name\":\"Studio legale PMAB Bolzano \u2013 News & Stampa \u2013 Amtsdauer der Gemeindebaukommissionen wird verl\u00e4ngert\",\"isPartOf\":{\"@id\":\"https:\\\/\\\/pmab.it\\\/it\\\/#website\"},\"datePublished\":\"2020-11-12T15:42:46+00:00\",\"dateModified\":\"2025-02-10T15:43:20+00:00\",\"description\":\"Notizie, articoli e comunicati stampa dello studio legale PMAB a Bolzano. Aggiornamenti giuridici e novit\u00e0 dallo studio.\",\"breadcrumb\":{\"@id\":\"https:\\\/\\\/pmab.it\\\/it\\\/amtsdauer-der-gemeindebaukommissionen-wird-verlaengert\\\/#breadcrumb\"},\"inLanguage\":\"it-IT\",\"potentialAction\":[{\"@type\":\"ReadAction\",\"target\":[\"https:\\\/\\\/pmab.it\\\/it\\\/amtsdauer-der-gemeindebaukommissionen-wird-verlaengert\\\/\"]}]},{\"@type\":\"BreadcrumbList\",\"@id\":\"https:\\\/\\\/pmab.it\\\/it\\\/amtsdauer-der-gemeindebaukommissionen-wird-verlaengert\\\/#breadcrumb\",\"itemListElement\":[{\"@type\":\"ListItem\",\"position\":1,\"name\":\"Home\",\"item\":\"https:\\\/\\\/pmab.it\\\/it\\\/\"},{\"@type\":\"ListItem\",\"position\":2,\"name\":\"Amtsdauer der Gemeindebaukommissionen wird verl\u00e4ngert\"}]},{\"@type\":\"WebSite\",\"@id\":\"https:\\\/\\\/pmab.it\\\/it\\\/#website\",\"url\":\"https:\\\/\\\/pmab.it\\\/it\\\/\",\"name\":\"PMAB. Anw\u00e4lte Avvocati\",\"description\":\"Lo studio legale PMAB a Bolzano e Merano offre assistenza in diritto civile, di famiglia, del lavoro, societario, amministrativo e tributario.\",\"publisher\":{\"@id\":\"https:\\\/\\\/pmab.it\\\/it\\\/#organization\"},\"alternateName\":\"PMAB - Anwaltskanzlei in Bozen und Meran\",\"potentialAction\":[{\"@type\":\"SearchAction\",\"target\":{\"@type\":\"EntryPoint\",\"urlTemplate\":\"https:\\\/\\\/pmab.it\\\/it\\\/?s={search_term_string}\"},\"query-input\":{\"@type\":\"PropertyValueSpecification\",\"valueRequired\":true,\"valueName\":\"search_term_string\"}}],\"inLanguage\":\"it-IT\"},{\"@type\":\"Organization\",\"@id\":\"https:\\\/\\\/pmab.it\\\/it\\\/#organization\",\"name\":\"PMAB. Anw\u00e4lte Avvocati\",\"url\":\"https:\\\/\\\/pmab.it\\\/it\\\/\",\"logo\":{\"@type\":\"ImageObject\",\"inLanguage\":\"it-IT\",\"@id\":\"https:\\\/\\\/pmab.it\\\/it\\\/#\\\/schema\\\/logo\\\/image\\\/\",\"url\":\"https:\\\/\\\/pmab.it\\\/wp-content\\\/uploads\\\/2024\\\/12\\\/PMAB-anthrazit-large.png\",\"contentUrl\":\"https:\\\/\\\/pmab.it\\\/wp-content\\\/uploads\\\/2024\\\/12\\\/PMAB-anthrazit-large.png\",\"width\":1299,\"height\":319,\"caption\":\"PMAB. Anw\u00e4lte Avvocati\"},\"image\":{\"@id\":\"https:\\\/\\\/pmab.it\\\/it\\\/#\\\/schema\\\/logo\\\/image\\\/\"}},{\"@type\":\"Person\",\"@id\":\"https:\\\/\\\/pmab.it\\\/it\\\/#\\\/schema\\\/person\\\/4253fc53149bb462a2c696ea7c744328\",\"name\":\"Webmaster\",\"image\":{\"@type\":\"ImageObject\",\"inLanguage\":\"it-IT\",\"@id\":\"https:\\\/\\\/secure.gravatar.com\\\/avatar\\\/bfa221db63a615db154bcb5b3b83101c01a68321277aead0e6863b31401c514b?s=96&d=mm&r=g\",\"url\":\"https:\\\/\\\/secure.gravatar.com\\\/avatar\\\/bfa221db63a615db154bcb5b3b83101c01a68321277aead0e6863b31401c514b?s=96&d=mm&r=g\",\"contentUrl\":\"https:\\\/\\\/secure.gravatar.com\\\/avatar\\\/bfa221db63a615db154bcb5b3b83101c01a68321277aead0e6863b31401c514b?s=96&d=mm&r=g\",\"caption\":\"Webmaster\"},\"sameAs\":[\"https:\\\/\\\/pmab.it\"]}]}<\/script>\n<!-- \/ Yoast SEO plugin. -->","yoast_head_json":{"title":"Studio legale PMAB Bolzano \u2013 News & Stampa \u2013 Amtsdauer der Gemeindebaukommissionen wird verl\u00e4ngert","description":"Notizie, articoli e comunicati stampa dello studio legale PMAB a Bolzano. Aggiornamenti giuridici e novit\u00e0 dallo studio.","robots":{"index":"index","follow":"follow","max-snippet":"max-snippet:-1","max-image-preview":"max-image-preview:large","max-video-preview":"max-video-preview:-1"},"canonical":"https:\/\/pmab.it\/it\/amtsdauer-der-gemeindebaukommissionen-wird-verlaengert\/","og_locale":"it_IT","og_type":"article","og_title":"Studio legale PMAB Bolzano \u2013 News & Stampa \u2013 Amtsdauer der Gemeindebaukommissionen wird verl\u00e4ngert","og_description":"Notizie, articoli e comunicati stampa dello studio legale PMAB a Bolzano. Aggiornamenti giuridici e novit\u00e0 dallo studio.","og_url":"https:\/\/pmab.it\/it\/amtsdauer-der-gemeindebaukommissionen-wird-verlaengert\/","og_site_name":"PMAB","article_published_time":"2020-11-12T15:42:46+00:00","article_modified_time":"2025-02-10T15:43:20+00:00","og_image":[{"width":2048,"height":1363,"url":"https:\/\/pmab.it\/wp-content\/uploads\/2025\/02\/pmab-meeting-room-resized.jpg","type":"image\/jpeg"}],"author":"Webmaster","twitter_card":"summary_large_image","twitter_misc":{"Scritto da":"Webmaster","Tempo di lettura stimato":"2 minuti"},"schema":{"@context":"https:\/\/schema.org","@graph":[{"@type":"Article","@id":"https:\/\/pmab.it\/it\/amtsdauer-der-gemeindebaukommissionen-wird-verlaengert\/#article","isPartOf":{"@id":"https:\/\/pmab.it\/it\/amtsdauer-der-gemeindebaukommissionen-wird-verlaengert\/"},"author":{"name":"Webmaster","@id":"https:\/\/pmab.it\/it\/#\/schema\/person\/4253fc53149bb462a2c696ea7c744328"},"headline":"Amtsdauer der Gemeindebaukommissionen wird verl\u00e4ngert","datePublished":"2020-11-12T15:42:46+00:00","dateModified":"2025-02-10T15:43:20+00:00","mainEntityOfPage":{"@id":"https:\/\/pmab.it\/it\/amtsdauer-der-gemeindebaukommissionen-wird-verlaengert\/"},"wordCount":213,"publisher":{"@id":"https:\/\/pmab.it\/it\/#organization"},"articleSection":["Unkategorisiert"],"inLanguage":"it-IT"},{"@type":"WebPage","@id":"https:\/\/pmab.it\/it\/amtsdauer-der-gemeindebaukommissionen-wird-verlaengert\/","url":"https:\/\/pmab.it\/it\/amtsdauer-der-gemeindebaukommissionen-wird-verlaengert\/","name":"Studio legale PMAB Bolzano \u2013 News & Stampa \u2013 Amtsdauer der Gemeindebaukommissionen wird verl\u00e4ngert","isPartOf":{"@id":"https:\/\/pmab.it\/it\/#website"},"datePublished":"2020-11-12T15:42:46+00:00","dateModified":"2025-02-10T15:43:20+00:00","description":"Notizie, articoli e comunicati stampa dello studio legale PMAB a Bolzano. Aggiornamenti giuridici e novit\u00e0 dallo studio.","breadcrumb":{"@id":"https:\/\/pmab.it\/it\/amtsdauer-der-gemeindebaukommissionen-wird-verlaengert\/#breadcrumb"},"inLanguage":"it-IT","potentialAction":[{"@type":"ReadAction","target":["https:\/\/pmab.it\/it\/amtsdauer-der-gemeindebaukommissionen-wird-verlaengert\/"]}]},{"@type":"BreadcrumbList","@id":"https:\/\/pmab.it\/it\/amtsdauer-der-gemeindebaukommissionen-wird-verlaengert\/#breadcrumb","itemListElement":[{"@type":"ListItem","position":1,"name":"Home","item":"https:\/\/pmab.it\/it\/"},{"@type":"ListItem","position":2,"name":"Amtsdauer der Gemeindebaukommissionen wird verl\u00e4ngert"}]},{"@type":"WebSite","@id":"https:\/\/pmab.it\/it\/#website","url":"https:\/\/pmab.it\/it\/","name":"PMAB. Anw\u00e4lte Avvocati","description":"Lo studio legale PMAB a Bolzano e Merano offre assistenza in diritto civile, di famiglia, del lavoro, societario, amministrativo e tributario.","publisher":{"@id":"https:\/\/pmab.it\/it\/#organization"},"alternateName":"PMAB - Anwaltskanzlei in Bozen und Meran","potentialAction":[{"@type":"SearchAction","target":{"@type":"EntryPoint","urlTemplate":"https:\/\/pmab.it\/it\/?s={search_term_string}"},"query-input":{"@type":"PropertyValueSpecification","valueRequired":true,"valueName":"search_term_string"}}],"inLanguage":"it-IT"},{"@type":"Organization","@id":"https:\/\/pmab.it\/it\/#organization","name":"PMAB. Anw\u00e4lte Avvocati","url":"https:\/\/pmab.it\/it\/","logo":{"@type":"ImageObject","inLanguage":"it-IT","@id":"https:\/\/pmab.it\/it\/#\/schema\/logo\/image\/","url":"https:\/\/pmab.it\/wp-content\/uploads\/2024\/12\/PMAB-anthrazit-large.png","contentUrl":"https:\/\/pmab.it\/wp-content\/uploads\/2024\/12\/PMAB-anthrazit-large.png","width":1299,"height":319,"caption":"PMAB. Anw\u00e4lte Avvocati"},"image":{"@id":"https:\/\/pmab.it\/it\/#\/schema\/logo\/image\/"}},{"@type":"Person","@id":"https:\/\/pmab.it\/it\/#\/schema\/person\/4253fc53149bb462a2c696ea7c744328","name":"Webmaster","image":{"@type":"ImageObject","inLanguage":"it-IT","@id":"https:\/\/secure.gravatar.com\/avatar\/bfa221db63a615db154bcb5b3b83101c01a68321277aead0e6863b31401c514b?s=96&d=mm&r=g","url":"https:\/\/secure.gravatar.com\/avatar\/bfa221db63a615db154bcb5b3b83101c01a68321277aead0e6863b31401c514b?s=96&d=mm&r=g","contentUrl":"https:\/\/secure.gravatar.com\/avatar\/bfa221db63a615db154bcb5b3b83101c01a68321277aead0e6863b31401c514b?s=96&d=mm&r=g","caption":"Webmaster"},"sameAs":["https:\/\/pmab.it"]}]}},"_links":{"self":[{"href":"https:\/\/pmab.it\/it\/wp-json\/wp\/v2\/posts\/1330","targetHints":{"allow":["GET"]}}],"collection":[{"href":"https:\/\/pmab.it\/it\/wp-json\/wp\/v2\/posts"}],"about":[{"href":"https:\/\/pmab.it\/it\/wp-json\/wp\/v2\/types\/post"}],"author":[{"embeddable":true,"href":"https:\/\/pmab.it\/it\/wp-json\/wp\/v2\/users\/1"}],"replies":[{"embeddable":true,"href":"https:\/\/pmab.it\/it\/wp-json\/wp\/v2\/comments?post=1330"}],"version-history":[{"count":0,"href":"https:\/\/pmab.it\/it\/wp-json\/wp\/v2\/posts\/1330\/revisions"}],"wp:attachment":[{"href":"https:\/\/pmab.it\/it\/wp-json\/wp\/v2\/media?parent=1330"}],"wp:term":[{"taxonomy":"category","embeddable":true,"href":"https:\/\/pmab.it\/it\/wp-json\/wp\/v2\/categories?post=1330"},{"taxonomy":"post_tag","embeddable":true,"href":"https:\/\/pmab.it\/it\/wp-json\/wp\/v2\/tags?post=1330"}],"curies":[{"name":"wp","href":"https:\/\/api.w.org\/{rel}","templated":true}]}}