{"id":1340,"date":"2020-12-22T16:49:09","date_gmt":"2020-12-22T15:49:09","guid":{"rendered":"https:\/\/pmab.it\/?p=1340"},"modified":"2025-02-10T16:49:28","modified_gmt":"2025-02-10T15:49:28","slug":"wie-steht-es-eigentlich-um-das-aufgrund-der-pandemie-eingefuehrte-kuendigungsverbot","status":"publish","type":"post","link":"https:\/\/pmab.it\/it\/wie-steht-es-eigentlich-um-das-aufgrund-der-pandemie-eingefuehrte-kuendigungsverbot\/","title":{"rendered":"Wie steht es eigentlich um das aufgrund der Pandemie eingef\u00fchrte K\u00fcndigungsverbot?"},"content":{"rendered":"<p>Das Verbot f\u00fcr K\u00fcndigungen aus betriebsbedingten Gr\u00fcnden erstreckt sich nunmehr auf ein ganzes Jahr. Urspr\u00fcnglich eingef\u00fchrt am 17.03.2020 durch die Eilverordnung \u201eCura Italia\u201c, gilt das Hemmnis \u2013 in Folge von insgesamt vier Verl\u00e4ngerungen durch das \u201eDecreto Rilancio\u201c, das \u201eDecreto Agosto\u201c, das \u201eDecreto Ristori\u201c und zuletzt die \u201eLegge di Bilancio\u201c \u2013 nunmehr bis zum 31.03.2021.<\/p>\n<p>In unserer News vom 13.05.2020 hatten wir bereits die Rechtsfolgen einer Entlassung unter beh\u00e4ngendem K\u00fcndigungsverbot beleuchtet.<\/p>\n<p>Insbesondere hatte sich die Rechtsfrage ergeben, ob betriebsbedingte Entlassungen in Missachtung des Verbotes blo\u00df unwirksam oder etwa radikal ung\u00fcltig seien.<\/p>\n<p>Im ersteren Falle (Unwirksamkeit) w\u00e4re die Beendigung des Arbeitsverh\u00e4ltnisses g\u00fcltig, w\u00fcrde aber erst nach Ablauf des Verbotes am 31.03.2021 rechtswirksam werden. Der Arbeitgeber h\u00e4tte daher blo\u00df den Arbeitnehmer bis zur Wirksamkeit der Entlassung weiterhin zu besch\u00e4ftigen und m\u00fcsste keine weiteren negativen Rechtsfolgen bef\u00fcrchten.<\/p>\n<p>Im zweiteren Falle (radikale Ung\u00fcltigkeit) hingegen, w\u00fcrde die K\u00fcndigung als null und nichtig \u2013 tamquam non esset, wie nie verf\u00fcgt \u2013 gelten und ungeeignet sein, das Arbeitsverh\u00e4ltnis aufzul\u00f6sen. Aus diesem Grund w\u00fcrden die Vorschriften f\u00fcr nichtige Entlassungen laut Arbeitnehmerstatut oder progressivem K\u00fcndigungsschutz Anwendung finden.<\/p>\n<p>\u00dcber diese bedeutende Rechtsfrage hat nun erstmalig das Landesgericht Mantua mit Urteil Nr. 112 vom 11.11.2020 befunden.<\/p>\n<p>Im Anlassfall wurde einer Angestellten eines Bekleidungsgesch\u00e4ftes am 09.07.2020 (bei beh\u00e4ngendem K\u00fcndigungsverbot) wegen mangelnder Auftragslage und angeblicher Schlie\u00dfung der Gesch\u00e4ftsstelle, welcher selbige angeh\u00f6rte, gek\u00fcndigt.<\/p>\n<p>Das Mantovanische Gericht hat in Annahme des Rekurses der Verkaufskraft entschieden, dass die Entlassung, in Anbetracht des derzeit geltenden Verbotes, als null und nichtig einzustufen sei. Dies aufgrund der Tatsache, dass das K\u00fcndigungsverbot eine \u201ezwingende Vorschrift\u201c darstelle, welche nicht nur vor\u00fcbergehend das wirtschaftliche Gleichgewicht am Arbeitsmarkt sch\u00fctze, sondern als unabdingbare Ma\u00dfnahme den \u201eGrundwertungen der Rechtsordnung\u201c angeh\u00f6re.<\/p>\n<p>In diesem Sinne hat das Gericht die einschl\u00e4gigen Bestimmungen f\u00fcr nichtige K\u00fcndigungen zur Anwendung gebracht: d.h. Art. 18, Absatz 1, Gesetz Nr. 300\/1970 (sog. Arbeitnehmerstatut) f\u00fcr Arbeitnehmer, die vor dem 07.03.2015 eingestellt wurden, bzw. Art. 2 G.v.D. Nr. 23\/2015 (sog. progressiver K\u00fcndigungsschutz) f\u00fcr Angestellte, die nach diesem Datum deren T\u00e4tigkeit aufgenommen haben.<\/p>\n<p>Das Landesgericht Mantua hat demnach den Arbeitgeber dazu verpflichtet, die unrechtm\u00e4\u00dfig gek\u00fcndigte Arbeitnehmerin wieder in den Arbeitsplatz einzugliedern, sowie dieser eine Entsch\u00e4digung in H\u00f6he der Summe jener Monatsgeh\u00e4lter zu leisten, die vom Zeitpunkt der rechtswidrigen K\u00fcndigung bis zur effektiven Wiedereingliederung angereift waren (wobei laut Gesetz jedenfalls mindestens f\u00fcnf Monatsl\u00f6hne zu entrichten sind). Zus\u00e4tzlich muss der Arbeitgeber die w\u00e4hrend desselben Zeitraumes angereiften Vor- und F\u00fcrsorgebeitr\u00e4ge in die jeweiligen Kassen einzahlen.<\/p>\n<p>Sollten Sie weitere Fragen zu diesem Thema haben, stehen wir Ihnen gerne zur Verf\u00fcgung.<\/p>\n","protected":false},"excerpt":{"rendered":"<p>Das Verbot f\u00fcr K\u00fcndigungen aus betriebsbedingten Gr\u00fcnden erstreckt sich nunmehr auf ein ganzes Jahr. Urspr\u00fcnglich eingef\u00fchrt am 17.03.2020 durch die Eilverordnung \u201eCura Italia\u201c, gilt das Hemmnis \u2013 in Folge von insgesamt vier Verl\u00e4ngerungen durch das \u201eDecreto Rilancio\u201c, das \u201eDecreto Agosto\u201c, das \u201eDecreto Ristori\u201c und zuletzt die \u201eLegge di Bilancio\u201c \u2013 nunmehr bis zum 31.03.2021. In [&hellip;]<\/p>\n","protected":false},"author":1,"featured_media":0,"comment_status":"closed","ping_status":"closed","sticky":false,"template":"","format":"standard","meta":{"_acf_changed":false,"footnotes":""},"categories":[1],"tags":[],"class_list":["post-1340","post","type-post","status-publish","format-standard","hentry","category-unkategorisiert"],"acf":[],"yoast_head":"<!-- This site is optimized with the Yoast SEO plugin v27.3 - https:\/\/yoast.com\/product\/yoast-seo-wordpress\/ -->\n<title>Studio legale PMAB Bolzano \u2013 News &amp; Stampa \u2013 Wie steht es eigentlich um das aufgrund der Pandemie eingef\u00fchrte K\u00fcndigungsverbot?<\/title>\n<meta name=\"description\" content=\"Notizie, articoli e comunicati stampa dello studio legale PMAB a Bolzano. Aggiornamenti giuridici e novit\u00e0 dallo studio.\" \/>\n<meta name=\"robots\" content=\"index, follow, max-snippet:-1, max-image-preview:large, max-video-preview:-1\" \/>\n<link rel=\"canonical\" href=\"https:\/\/pmab.it\/it\/wie-steht-es-eigentlich-um-das-aufgrund-der-pandemie-eingefuehrte-kuendigungsverbot\/\" \/>\n<meta property=\"og:locale\" content=\"it_IT\" \/>\n<meta property=\"og:type\" content=\"article\" \/>\n<meta property=\"og:title\" content=\"Studio legale PMAB Bolzano \u2013 News &amp; Stampa \u2013 Wie steht es eigentlich um das aufgrund der Pandemie eingef\u00fchrte K\u00fcndigungsverbot?\" \/>\n<meta property=\"og:description\" content=\"Notizie, articoli e comunicati stampa dello studio legale PMAB a Bolzano. Aggiornamenti giuridici e novit\u00e0 dallo studio.\" \/>\n<meta property=\"og:url\" content=\"https:\/\/pmab.it\/it\/wie-steht-es-eigentlich-um-das-aufgrund-der-pandemie-eingefuehrte-kuendigungsverbot\/\" \/>\n<meta property=\"og:site_name\" content=\"PMAB\" \/>\n<meta property=\"article:published_time\" content=\"2020-12-22T15:49:09+00:00\" \/>\n<meta property=\"article:modified_time\" content=\"2025-02-10T15:49:28+00:00\" \/>\n<meta property=\"og:image\" content=\"https:\/\/pmab.it\/wp-content\/uploads\/2025\/02\/pmab-meeting-room-resized.jpg\" \/>\n\t<meta property=\"og:image:width\" content=\"2048\" \/>\n\t<meta property=\"og:image:height\" content=\"1363\" \/>\n\t<meta property=\"og:image:type\" content=\"image\/jpeg\" \/>\n<meta name=\"author\" content=\"Webmaster\" \/>\n<meta name=\"twitter:card\" content=\"summary_large_image\" \/>\n<meta name=\"twitter:label1\" content=\"Scritto da\" \/>\n\t<meta name=\"twitter:data1\" content=\"Webmaster\" \/>\n\t<meta name=\"twitter:label2\" content=\"Tempo di lettura stimato\" \/>\n\t<meta name=\"twitter:data2\" content=\"3 minuti\" \/>\n<script type=\"application\/ld+json\" class=\"yoast-schema-graph\">{\"@context\":\"https:\\\/\\\/schema.org\",\"@graph\":[{\"@type\":\"Article\",\"@id\":\"https:\\\/\\\/pmab.it\\\/it\\\/wie-steht-es-eigentlich-um-das-aufgrund-der-pandemie-eingefuehrte-kuendigungsverbot\\\/#article\",\"isPartOf\":{\"@id\":\"https:\\\/\\\/pmab.it\\\/it\\\/wie-steht-es-eigentlich-um-das-aufgrund-der-pandemie-eingefuehrte-kuendigungsverbot\\\/\"},\"author\":{\"name\":\"Webmaster\",\"@id\":\"https:\\\/\\\/pmab.it\\\/it\\\/#\\\/schema\\\/person\\\/4253fc53149bb462a2c696ea7c744328\"},\"headline\":\"Wie steht es eigentlich um das aufgrund der Pandemie eingef\u00fchrte K\u00fcndigungsverbot?\",\"datePublished\":\"2020-12-22T15:49:09+00:00\",\"dateModified\":\"2025-02-10T15:49:28+00:00\",\"mainEntityOfPage\":{\"@id\":\"https:\\\/\\\/pmab.it\\\/it\\\/wie-steht-es-eigentlich-um-das-aufgrund-der-pandemie-eingefuehrte-kuendigungsverbot\\\/\"},\"wordCount\":466,\"publisher\":{\"@id\":\"https:\\\/\\\/pmab.it\\\/it\\\/#organization\"},\"articleSection\":[\"Unkategorisiert\"],\"inLanguage\":\"it-IT\"},{\"@type\":\"WebPage\",\"@id\":\"https:\\\/\\\/pmab.it\\\/it\\\/wie-steht-es-eigentlich-um-das-aufgrund-der-pandemie-eingefuehrte-kuendigungsverbot\\\/\",\"url\":\"https:\\\/\\\/pmab.it\\\/it\\\/wie-steht-es-eigentlich-um-das-aufgrund-der-pandemie-eingefuehrte-kuendigungsverbot\\\/\",\"name\":\"Studio legale PMAB Bolzano \u2013 News & Stampa \u2013 Wie steht es eigentlich um das aufgrund der Pandemie eingef\u00fchrte K\u00fcndigungsverbot?\",\"isPartOf\":{\"@id\":\"https:\\\/\\\/pmab.it\\\/it\\\/#website\"},\"datePublished\":\"2020-12-22T15:49:09+00:00\",\"dateModified\":\"2025-02-10T15:49:28+00:00\",\"description\":\"Notizie, articoli e comunicati stampa dello studio legale PMAB a Bolzano. Aggiornamenti giuridici e novit\u00e0 dallo studio.\",\"breadcrumb\":{\"@id\":\"https:\\\/\\\/pmab.it\\\/it\\\/wie-steht-es-eigentlich-um-das-aufgrund-der-pandemie-eingefuehrte-kuendigungsverbot\\\/#breadcrumb\"},\"inLanguage\":\"it-IT\",\"potentialAction\":[{\"@type\":\"ReadAction\",\"target\":[\"https:\\\/\\\/pmab.it\\\/it\\\/wie-steht-es-eigentlich-um-das-aufgrund-der-pandemie-eingefuehrte-kuendigungsverbot\\\/\"]}]},{\"@type\":\"BreadcrumbList\",\"@id\":\"https:\\\/\\\/pmab.it\\\/it\\\/wie-steht-es-eigentlich-um-das-aufgrund-der-pandemie-eingefuehrte-kuendigungsverbot\\\/#breadcrumb\",\"itemListElement\":[{\"@type\":\"ListItem\",\"position\":1,\"name\":\"Home\",\"item\":\"https:\\\/\\\/pmab.it\\\/it\\\/\"},{\"@type\":\"ListItem\",\"position\":2,\"name\":\"Wie steht es eigentlich um das aufgrund der Pandemie eingef\u00fchrte K\u00fcndigungsverbot?\"}]},{\"@type\":\"WebSite\",\"@id\":\"https:\\\/\\\/pmab.it\\\/it\\\/#website\",\"url\":\"https:\\\/\\\/pmab.it\\\/it\\\/\",\"name\":\"PMAB. Anw\u00e4lte Avvocati\",\"description\":\"Lo studio legale PMAB a Bolzano e Merano offre assistenza in diritto civile, di famiglia, del lavoro, societario, amministrativo e tributario.\",\"publisher\":{\"@id\":\"https:\\\/\\\/pmab.it\\\/it\\\/#organization\"},\"alternateName\":\"PMAB - Anwaltskanzlei in Bozen und Meran\",\"potentialAction\":[{\"@type\":\"SearchAction\",\"target\":{\"@type\":\"EntryPoint\",\"urlTemplate\":\"https:\\\/\\\/pmab.it\\\/it\\\/?s={search_term_string}\"},\"query-input\":{\"@type\":\"PropertyValueSpecification\",\"valueRequired\":true,\"valueName\":\"search_term_string\"}}],\"inLanguage\":\"it-IT\"},{\"@type\":\"Organization\",\"@id\":\"https:\\\/\\\/pmab.it\\\/it\\\/#organization\",\"name\":\"PMAB. Anw\u00e4lte Avvocati\",\"url\":\"https:\\\/\\\/pmab.it\\\/it\\\/\",\"logo\":{\"@type\":\"ImageObject\",\"inLanguage\":\"it-IT\",\"@id\":\"https:\\\/\\\/pmab.it\\\/it\\\/#\\\/schema\\\/logo\\\/image\\\/\",\"url\":\"https:\\\/\\\/pmab.it\\\/wp-content\\\/uploads\\\/2024\\\/12\\\/PMAB-anthrazit-large.png\",\"contentUrl\":\"https:\\\/\\\/pmab.it\\\/wp-content\\\/uploads\\\/2024\\\/12\\\/PMAB-anthrazit-large.png\",\"width\":1299,\"height\":319,\"caption\":\"PMAB. Anw\u00e4lte Avvocati\"},\"image\":{\"@id\":\"https:\\\/\\\/pmab.it\\\/it\\\/#\\\/schema\\\/logo\\\/image\\\/\"}},{\"@type\":\"Person\",\"@id\":\"https:\\\/\\\/pmab.it\\\/it\\\/#\\\/schema\\\/person\\\/4253fc53149bb462a2c696ea7c744328\",\"name\":\"Webmaster\",\"image\":{\"@type\":\"ImageObject\",\"inLanguage\":\"it-IT\",\"@id\":\"https:\\\/\\\/secure.gravatar.com\\\/avatar\\\/bfa221db63a615db154bcb5b3b83101c01a68321277aead0e6863b31401c514b?s=96&d=mm&r=g\",\"url\":\"https:\\\/\\\/secure.gravatar.com\\\/avatar\\\/bfa221db63a615db154bcb5b3b83101c01a68321277aead0e6863b31401c514b?s=96&d=mm&r=g\",\"contentUrl\":\"https:\\\/\\\/secure.gravatar.com\\\/avatar\\\/bfa221db63a615db154bcb5b3b83101c01a68321277aead0e6863b31401c514b?s=96&d=mm&r=g\",\"caption\":\"Webmaster\"},\"sameAs\":[\"https:\\\/\\\/pmab.it\"]}]}<\/script>\n<!-- \/ Yoast SEO plugin. -->","yoast_head_json":{"title":"Studio legale PMAB Bolzano \u2013 News & Stampa \u2013 Wie steht es eigentlich um das aufgrund der Pandemie eingef\u00fchrte K\u00fcndigungsverbot?","description":"Notizie, articoli e comunicati stampa dello studio legale PMAB a Bolzano. Aggiornamenti giuridici e novit\u00e0 dallo studio.","robots":{"index":"index","follow":"follow","max-snippet":"max-snippet:-1","max-image-preview":"max-image-preview:large","max-video-preview":"max-video-preview:-1"},"canonical":"https:\/\/pmab.it\/it\/wie-steht-es-eigentlich-um-das-aufgrund-der-pandemie-eingefuehrte-kuendigungsverbot\/","og_locale":"it_IT","og_type":"article","og_title":"Studio legale PMAB Bolzano \u2013 News & Stampa \u2013 Wie steht es eigentlich um das aufgrund der Pandemie eingef\u00fchrte K\u00fcndigungsverbot?","og_description":"Notizie, articoli e comunicati stampa dello studio legale PMAB a Bolzano. Aggiornamenti giuridici e novit\u00e0 dallo studio.","og_url":"https:\/\/pmab.it\/it\/wie-steht-es-eigentlich-um-das-aufgrund-der-pandemie-eingefuehrte-kuendigungsverbot\/","og_site_name":"PMAB","article_published_time":"2020-12-22T15:49:09+00:00","article_modified_time":"2025-02-10T15:49:28+00:00","og_image":[{"width":2048,"height":1363,"url":"https:\/\/pmab.it\/wp-content\/uploads\/2025\/02\/pmab-meeting-room-resized.jpg","type":"image\/jpeg"}],"author":"Webmaster","twitter_card":"summary_large_image","twitter_misc":{"Scritto da":"Webmaster","Tempo di lettura stimato":"3 minuti"},"schema":{"@context":"https:\/\/schema.org","@graph":[{"@type":"Article","@id":"https:\/\/pmab.it\/it\/wie-steht-es-eigentlich-um-das-aufgrund-der-pandemie-eingefuehrte-kuendigungsverbot\/#article","isPartOf":{"@id":"https:\/\/pmab.it\/it\/wie-steht-es-eigentlich-um-das-aufgrund-der-pandemie-eingefuehrte-kuendigungsverbot\/"},"author":{"name":"Webmaster","@id":"https:\/\/pmab.it\/it\/#\/schema\/person\/4253fc53149bb462a2c696ea7c744328"},"headline":"Wie steht es eigentlich um das aufgrund der Pandemie eingef\u00fchrte K\u00fcndigungsverbot?","datePublished":"2020-12-22T15:49:09+00:00","dateModified":"2025-02-10T15:49:28+00:00","mainEntityOfPage":{"@id":"https:\/\/pmab.it\/it\/wie-steht-es-eigentlich-um-das-aufgrund-der-pandemie-eingefuehrte-kuendigungsverbot\/"},"wordCount":466,"publisher":{"@id":"https:\/\/pmab.it\/it\/#organization"},"articleSection":["Unkategorisiert"],"inLanguage":"it-IT"},{"@type":"WebPage","@id":"https:\/\/pmab.it\/it\/wie-steht-es-eigentlich-um-das-aufgrund-der-pandemie-eingefuehrte-kuendigungsverbot\/","url":"https:\/\/pmab.it\/it\/wie-steht-es-eigentlich-um-das-aufgrund-der-pandemie-eingefuehrte-kuendigungsverbot\/","name":"Studio legale PMAB Bolzano \u2013 News & Stampa \u2013 Wie steht es eigentlich um das aufgrund der Pandemie eingef\u00fchrte K\u00fcndigungsverbot?","isPartOf":{"@id":"https:\/\/pmab.it\/it\/#website"},"datePublished":"2020-12-22T15:49:09+00:00","dateModified":"2025-02-10T15:49:28+00:00","description":"Notizie, articoli e comunicati stampa dello studio legale PMAB a Bolzano. Aggiornamenti giuridici e novit\u00e0 dallo studio.","breadcrumb":{"@id":"https:\/\/pmab.it\/it\/wie-steht-es-eigentlich-um-das-aufgrund-der-pandemie-eingefuehrte-kuendigungsverbot\/#breadcrumb"},"inLanguage":"it-IT","potentialAction":[{"@type":"ReadAction","target":["https:\/\/pmab.it\/it\/wie-steht-es-eigentlich-um-das-aufgrund-der-pandemie-eingefuehrte-kuendigungsverbot\/"]}]},{"@type":"BreadcrumbList","@id":"https:\/\/pmab.it\/it\/wie-steht-es-eigentlich-um-das-aufgrund-der-pandemie-eingefuehrte-kuendigungsverbot\/#breadcrumb","itemListElement":[{"@type":"ListItem","position":1,"name":"Home","item":"https:\/\/pmab.it\/it\/"},{"@type":"ListItem","position":2,"name":"Wie steht es eigentlich um das aufgrund der Pandemie eingef\u00fchrte K\u00fcndigungsverbot?"}]},{"@type":"WebSite","@id":"https:\/\/pmab.it\/it\/#website","url":"https:\/\/pmab.it\/it\/","name":"PMAB. Anw\u00e4lte Avvocati","description":"Lo studio legale PMAB a Bolzano e Merano offre assistenza in diritto civile, di famiglia, del lavoro, societario, amministrativo e tributario.","publisher":{"@id":"https:\/\/pmab.it\/it\/#organization"},"alternateName":"PMAB - Anwaltskanzlei in Bozen und Meran","potentialAction":[{"@type":"SearchAction","target":{"@type":"EntryPoint","urlTemplate":"https:\/\/pmab.it\/it\/?s={search_term_string}"},"query-input":{"@type":"PropertyValueSpecification","valueRequired":true,"valueName":"search_term_string"}}],"inLanguage":"it-IT"},{"@type":"Organization","@id":"https:\/\/pmab.it\/it\/#organization","name":"PMAB. Anw\u00e4lte Avvocati","url":"https:\/\/pmab.it\/it\/","logo":{"@type":"ImageObject","inLanguage":"it-IT","@id":"https:\/\/pmab.it\/it\/#\/schema\/logo\/image\/","url":"https:\/\/pmab.it\/wp-content\/uploads\/2024\/12\/PMAB-anthrazit-large.png","contentUrl":"https:\/\/pmab.it\/wp-content\/uploads\/2024\/12\/PMAB-anthrazit-large.png","width":1299,"height":319,"caption":"PMAB. Anw\u00e4lte Avvocati"},"image":{"@id":"https:\/\/pmab.it\/it\/#\/schema\/logo\/image\/"}},{"@type":"Person","@id":"https:\/\/pmab.it\/it\/#\/schema\/person\/4253fc53149bb462a2c696ea7c744328","name":"Webmaster","image":{"@type":"ImageObject","inLanguage":"it-IT","@id":"https:\/\/secure.gravatar.com\/avatar\/bfa221db63a615db154bcb5b3b83101c01a68321277aead0e6863b31401c514b?s=96&d=mm&r=g","url":"https:\/\/secure.gravatar.com\/avatar\/bfa221db63a615db154bcb5b3b83101c01a68321277aead0e6863b31401c514b?s=96&d=mm&r=g","contentUrl":"https:\/\/secure.gravatar.com\/avatar\/bfa221db63a615db154bcb5b3b83101c01a68321277aead0e6863b31401c514b?s=96&d=mm&r=g","caption":"Webmaster"},"sameAs":["https:\/\/pmab.it"]}]}},"_links":{"self":[{"href":"https:\/\/pmab.it\/it\/wp-json\/wp\/v2\/posts\/1340","targetHints":{"allow":["GET"]}}],"collection":[{"href":"https:\/\/pmab.it\/it\/wp-json\/wp\/v2\/posts"}],"about":[{"href":"https:\/\/pmab.it\/it\/wp-json\/wp\/v2\/types\/post"}],"author":[{"embeddable":true,"href":"https:\/\/pmab.it\/it\/wp-json\/wp\/v2\/users\/1"}],"replies":[{"embeddable":true,"href":"https:\/\/pmab.it\/it\/wp-json\/wp\/v2\/comments?post=1340"}],"version-history":[{"count":0,"href":"https:\/\/pmab.it\/it\/wp-json\/wp\/v2\/posts\/1340\/revisions"}],"wp:attachment":[{"href":"https:\/\/pmab.it\/it\/wp-json\/wp\/v2\/media?parent=1340"}],"wp:term":[{"taxonomy":"category","embeddable":true,"href":"https:\/\/pmab.it\/it\/wp-json\/wp\/v2\/categories?post=1340"},{"taxonomy":"post_tag","embeddable":true,"href":"https:\/\/pmab.it\/it\/wp-json\/wp\/v2\/tags?post=1340"}],"curies":[{"name":"wp","href":"https:\/\/api.w.org\/{rel}","templated":true}]}}