{"id":1361,"date":"2021-03-11T17:00:33","date_gmt":"2021-03-11T16:00:33","guid":{"rendered":"https:\/\/pmab.it\/?p=1361"},"modified":"2025-02-10T17:00:48","modified_gmt":"2025-02-10T16:00:48","slug":"die-presse-berichtet-von-uns-11-03-2021","status":"publish","type":"post","link":"https:\/\/pmab.it\/it\/die-presse-berichtet-von-uns-11-03-2021\/","title":{"rendered":"Die Presse berichtet von uns \u2013 11.03.2021"},"content":{"rendered":"<p>Unser Partner und Verwaltungsexperte, RA Alexander Bauer, hat im Namen einiger Eltern einen zweiten Rekurs, diesmal gegen die Verl\u00e4ngerung der Schulschlie\u00dfungen in den sogenannten Sperrgemeinden sowie gegen die Schlie\u00dfung der Mittel- und Oberschulen auf Landesebene, eingereicht.<\/p>\n<p>Der Antrag auf Aussetzung der Ma\u00dfnahmen wurde \u2013 nachdem die Landesverwaltung zugesagt hat, ab kommenden Montag die Kinderg\u00e4rten und die Volksschulen in ganz S\u00fcdtirol zu \u00f6ffnen \u2013 abgewiesen. Das Verwaltungsgericht hat die Verhandlung f\u00fcr den 13. April anberaumt.<\/p>\n<p>Die heutige Tageszeitung berichtet davon.<\/p>\n","protected":false},"excerpt":{"rendered":"<p>Unser Partner und Verwaltungsexperte, RA Alexander Bauer, hat im Namen einiger Eltern einen zweiten Rekurs, diesmal gegen die Verl\u00e4ngerung der Schulschlie\u00dfungen in den sogenannten Sperrgemeinden sowie gegen die Schlie\u00dfung der Mittel- und Oberschulen auf Landesebene, eingereicht. Der Antrag auf Aussetzung der Ma\u00dfnahmen wurde \u2013 nachdem die Landesverwaltung zugesagt hat, ab kommenden Montag die Kinderg\u00e4rten und [&hellip;]<\/p>\n","protected":false},"author":1,"featured_media":1362,"comment_status":"closed","ping_status":"closed","sticky":false,"template":"","format":"standard","meta":{"_acf_changed":false,"footnotes":""},"categories":[1],"tags":[],"class_list":["post-1361","post","type-post","status-publish","format-standard","has-post-thumbnail","hentry","category-unkategorisiert"],"acf":[],"yoast_head":"<!-- This site is optimized with the Yoast SEO plugin v27.3 - https:\/\/yoast.com\/product\/yoast-seo-wordpress\/ -->\n<title>Studio legale PMAB Bolzano \u2013 News &amp; Stampa \u2013 Die Presse berichtet von uns \u2013 11.03.2021<\/title>\n<meta name=\"description\" content=\"Notizie, articoli e comunicati stampa dello studio legale PMAB a Bolzano. Aggiornamenti giuridici e novit\u00e0 dallo studio.\" \/>\n<meta name=\"robots\" content=\"index, follow, max-snippet:-1, max-image-preview:large, max-video-preview:-1\" \/>\n<link rel=\"canonical\" href=\"https:\/\/pmab.it\/it\/die-presse-berichtet-von-uns-11-03-2021\/\" \/>\n<meta property=\"og:locale\" content=\"it_IT\" \/>\n<meta property=\"og:type\" content=\"article\" \/>\n<meta property=\"og:title\" content=\"Studio legale PMAB Bolzano \u2013 News &amp; Stampa \u2013 Die Presse berichtet von uns \u2013 11.03.2021\" \/>\n<meta property=\"og:description\" content=\"Notizie, articoli e comunicati stampa dello studio legale PMAB a Bolzano. Aggiornamenti giuridici e novit\u00e0 dallo studio.\" \/>\n<meta property=\"og:url\" content=\"https:\/\/pmab.it\/it\/die-presse-berichtet-von-uns-11-03-2021\/\" \/>\n<meta property=\"og:site_name\" content=\"PMAB\" \/>\n<meta property=\"article:published_time\" content=\"2021-03-11T16:00:33+00:00\" \/>\n<meta property=\"article:modified_time\" content=\"2025-02-10T16:00:48+00:00\" \/>\n<meta property=\"og:image\" content=\"https:\/\/pmab.it\/wp-content\/uploads\/2025\/02\/stz048_tz_tz15-1_page-0001.jpg\" \/>\n\t<meta property=\"og:image:width\" content=\"1418\" \/>\n\t<meta property=\"og:image:height\" content=\"2008\" \/>\n\t<meta property=\"og:image:type\" content=\"image\/jpeg\" \/>\n<meta name=\"author\" content=\"Webmaster\" \/>\n<meta name=\"twitter:card\" content=\"summary_large_image\" \/>\n<meta name=\"twitter:label1\" content=\"Scritto da\" \/>\n\t<meta name=\"twitter:data1\" content=\"Webmaster\" \/>\n\t<meta name=\"twitter:label2\" content=\"Tempo di lettura stimato\" \/>\n\t<meta name=\"twitter:data2\" content=\"1 minuto\" \/>\n<script type=\"application\/ld+json\" class=\"yoast-schema-graph\">{\"@context\":\"https:\\\/\\\/schema.org\",\"@graph\":[{\"@type\":\"Article\",\"@id\":\"https:\\\/\\\/pmab.it\\\/it\\\/die-presse-berichtet-von-uns-11-03-2021\\\/#article\",\"isPartOf\":{\"@id\":\"https:\\\/\\\/pmab.it\\\/it\\\/die-presse-berichtet-von-uns-11-03-2021\\\/\"},\"author\":{\"name\":\"Webmaster\",\"@id\":\"https:\\\/\\\/pmab.it\\\/it\\\/#\\\/schema\\\/person\\\/4253fc53149bb462a2c696ea7c744328\"},\"headline\":\"Die Presse berichtet von uns \u2013 11.03.2021\",\"datePublished\":\"2021-03-11T16:00:33+00:00\",\"dateModified\":\"2025-02-10T16:00:48+00:00\",\"mainEntityOfPage\":{\"@id\":\"https:\\\/\\\/pmab.it\\\/it\\\/die-presse-berichtet-von-uns-11-03-2021\\\/\"},\"wordCount\":88,\"publisher\":{\"@id\":\"https:\\\/\\\/pmab.it\\\/it\\\/#organization\"},\"image\":{\"@id\":\"https:\\\/\\\/pmab.it\\\/it\\\/die-presse-berichtet-von-uns-11-03-2021\\\/#primaryimage\"},\"thumbnailUrl\":\"https:\\\/\\\/pmab.it\\\/wp-content\\\/uploads\\\/2025\\\/02\\\/stz048_tz_tz15-1_page-0001.jpg\",\"articleSection\":[\"Unkategorisiert\"],\"inLanguage\":\"it-IT\"},{\"@type\":\"WebPage\",\"@id\":\"https:\\\/\\\/pmab.it\\\/it\\\/die-presse-berichtet-von-uns-11-03-2021\\\/\",\"url\":\"https:\\\/\\\/pmab.it\\\/it\\\/die-presse-berichtet-von-uns-11-03-2021\\\/\",\"name\":\"Studio legale PMAB Bolzano \u2013 News & Stampa \u2013 Die Presse berichtet von uns \u2013 11.03.2021\",\"isPartOf\":{\"@id\":\"https:\\\/\\\/pmab.it\\\/it\\\/#website\"},\"primaryImageOfPage\":{\"@id\":\"https:\\\/\\\/pmab.it\\\/it\\\/die-presse-berichtet-von-uns-11-03-2021\\\/#primaryimage\"},\"image\":{\"@id\":\"https:\\\/\\\/pmab.it\\\/it\\\/die-presse-berichtet-von-uns-11-03-2021\\\/#primaryimage\"},\"thumbnailUrl\":\"https:\\\/\\\/pmab.it\\\/wp-content\\\/uploads\\\/2025\\\/02\\\/stz048_tz_tz15-1_page-0001.jpg\",\"datePublished\":\"2021-03-11T16:00:33+00:00\",\"dateModified\":\"2025-02-10T16:00:48+00:00\",\"description\":\"Notizie, articoli e comunicati stampa dello studio legale PMAB a Bolzano. Aggiornamenti giuridici e novit\u00e0 dallo studio.\",\"breadcrumb\":{\"@id\":\"https:\\\/\\\/pmab.it\\\/it\\\/die-presse-berichtet-von-uns-11-03-2021\\\/#breadcrumb\"},\"inLanguage\":\"it-IT\",\"potentialAction\":[{\"@type\":\"ReadAction\",\"target\":[\"https:\\\/\\\/pmab.it\\\/it\\\/die-presse-berichtet-von-uns-11-03-2021\\\/\"]}]},{\"@type\":\"ImageObject\",\"inLanguage\":\"it-IT\",\"@id\":\"https:\\\/\\\/pmab.it\\\/it\\\/die-presse-berichtet-von-uns-11-03-2021\\\/#primaryimage\",\"url\":\"https:\\\/\\\/pmab.it\\\/wp-content\\\/uploads\\\/2025\\\/02\\\/stz048_tz_tz15-1_page-0001.jpg\",\"contentUrl\":\"https:\\\/\\\/pmab.it\\\/wp-content\\\/uploads\\\/2025\\\/02\\\/stz048_tz_tz15-1_page-0001.jpg\",\"width\":1418,\"height\":2008,\"caption\":\"Zeitungsausschnitt der Tageszeitung vom 11. M\u00e4rz 2021 mit dem Artikel \u201aDer zweite Rekurs\u2018. Der Bericht informiert \u00fcber eine neue Klage von Eltern aus dem Burggrafenamt und dem Vinschgau gegen die Verl\u00e4ngerung des Corona-Fernunterrichts in S\u00fcdtirol. Anwalt Alexander Bauer reichte den Rekurs beim Verwaltungsgericht ein, da Eltern einen Versto\u00df gegen das Recht auf Bildung und Gesundheit geltend machen. Die Entscheidung \u00fcber eine m\u00f6gliche R\u00fcckkehr zum Pr\u00e4senzunterricht wird nicht vor dem 13. April erwartet. Der Artikel ist mit einem Symbolfoto eines leeren Klassenzimmers bebildert.\"},{\"@type\":\"BreadcrumbList\",\"@id\":\"https:\\\/\\\/pmab.it\\\/it\\\/die-presse-berichtet-von-uns-11-03-2021\\\/#breadcrumb\",\"itemListElement\":[{\"@type\":\"ListItem\",\"position\":1,\"name\":\"Home\",\"item\":\"https:\\\/\\\/pmab.it\\\/it\\\/\"},{\"@type\":\"ListItem\",\"position\":2,\"name\":\"Die Presse berichtet von uns \u2013 11.03.2021\"}]},{\"@type\":\"WebSite\",\"@id\":\"https:\\\/\\\/pmab.it\\\/it\\\/#website\",\"url\":\"https:\\\/\\\/pmab.it\\\/it\\\/\",\"name\":\"PMAB. Anw\u00e4lte Avvocati\",\"description\":\"Lo studio legale PMAB a Bolzano e Merano offre assistenza in diritto civile, di famiglia, del lavoro, societario, amministrativo e tributario.\",\"publisher\":{\"@id\":\"https:\\\/\\\/pmab.it\\\/it\\\/#organization\"},\"alternateName\":\"PMAB - Anwaltskanzlei in Bozen und Meran\",\"potentialAction\":[{\"@type\":\"SearchAction\",\"target\":{\"@type\":\"EntryPoint\",\"urlTemplate\":\"https:\\\/\\\/pmab.it\\\/it\\\/?s={search_term_string}\"},\"query-input\":{\"@type\":\"PropertyValueSpecification\",\"valueRequired\":true,\"valueName\":\"search_term_string\"}}],\"inLanguage\":\"it-IT\"},{\"@type\":\"Organization\",\"@id\":\"https:\\\/\\\/pmab.it\\\/it\\\/#organization\",\"name\":\"PMAB. Anw\u00e4lte Avvocati\",\"url\":\"https:\\\/\\\/pmab.it\\\/it\\\/\",\"logo\":{\"@type\":\"ImageObject\",\"inLanguage\":\"it-IT\",\"@id\":\"https:\\\/\\\/pmab.it\\\/it\\\/#\\\/schema\\\/logo\\\/image\\\/\",\"url\":\"https:\\\/\\\/pmab.it\\\/wp-content\\\/uploads\\\/2024\\\/12\\\/PMAB-anthrazit-large.png\",\"contentUrl\":\"https:\\\/\\\/pmab.it\\\/wp-content\\\/uploads\\\/2024\\\/12\\\/PMAB-anthrazit-large.png\",\"width\":1299,\"height\":319,\"caption\":\"PMAB. Anw\u00e4lte Avvocati\"},\"image\":{\"@id\":\"https:\\\/\\\/pmab.it\\\/it\\\/#\\\/schema\\\/logo\\\/image\\\/\"}},{\"@type\":\"Person\",\"@id\":\"https:\\\/\\\/pmab.it\\\/it\\\/#\\\/schema\\\/person\\\/4253fc53149bb462a2c696ea7c744328\",\"name\":\"Webmaster\",\"image\":{\"@type\":\"ImageObject\",\"inLanguage\":\"it-IT\",\"@id\":\"https:\\\/\\\/secure.gravatar.com\\\/avatar\\\/bfa221db63a615db154bcb5b3b83101c01a68321277aead0e6863b31401c514b?s=96&d=mm&r=g\",\"url\":\"https:\\\/\\\/secure.gravatar.com\\\/avatar\\\/bfa221db63a615db154bcb5b3b83101c01a68321277aead0e6863b31401c514b?s=96&d=mm&r=g\",\"contentUrl\":\"https:\\\/\\\/secure.gravatar.com\\\/avatar\\\/bfa221db63a615db154bcb5b3b83101c01a68321277aead0e6863b31401c514b?s=96&d=mm&r=g\",\"caption\":\"Webmaster\"},\"sameAs\":[\"https:\\\/\\\/pmab.it\"]}]}<\/script>\n<!-- \/ Yoast SEO plugin. -->","yoast_head_json":{"title":"Studio legale PMAB Bolzano \u2013 News & Stampa \u2013 Die Presse berichtet von uns \u2013 11.03.2021","description":"Notizie, articoli e comunicati stampa dello studio legale PMAB a Bolzano. Aggiornamenti giuridici e novit\u00e0 dallo studio.","robots":{"index":"index","follow":"follow","max-snippet":"max-snippet:-1","max-image-preview":"max-image-preview:large","max-video-preview":"max-video-preview:-1"},"canonical":"https:\/\/pmab.it\/it\/die-presse-berichtet-von-uns-11-03-2021\/","og_locale":"it_IT","og_type":"article","og_title":"Studio legale PMAB Bolzano \u2013 News & Stampa \u2013 Die Presse berichtet von uns \u2013 11.03.2021","og_description":"Notizie, articoli e comunicati stampa dello studio legale PMAB a Bolzano. Aggiornamenti giuridici e novit\u00e0 dallo studio.","og_url":"https:\/\/pmab.it\/it\/die-presse-berichtet-von-uns-11-03-2021\/","og_site_name":"PMAB","article_published_time":"2021-03-11T16:00:33+00:00","article_modified_time":"2025-02-10T16:00:48+00:00","og_image":[{"width":1418,"height":2008,"url":"https:\/\/pmab.it\/wp-content\/uploads\/2025\/02\/stz048_tz_tz15-1_page-0001.jpg","type":"image\/jpeg"}],"author":"Webmaster","twitter_card":"summary_large_image","twitter_misc":{"Scritto da":"Webmaster","Tempo di lettura stimato":"1 minuto"},"schema":{"@context":"https:\/\/schema.org","@graph":[{"@type":"Article","@id":"https:\/\/pmab.it\/it\/die-presse-berichtet-von-uns-11-03-2021\/#article","isPartOf":{"@id":"https:\/\/pmab.it\/it\/die-presse-berichtet-von-uns-11-03-2021\/"},"author":{"name":"Webmaster","@id":"https:\/\/pmab.it\/it\/#\/schema\/person\/4253fc53149bb462a2c696ea7c744328"},"headline":"Die Presse berichtet von uns \u2013 11.03.2021","datePublished":"2021-03-11T16:00:33+00:00","dateModified":"2025-02-10T16:00:48+00:00","mainEntityOfPage":{"@id":"https:\/\/pmab.it\/it\/die-presse-berichtet-von-uns-11-03-2021\/"},"wordCount":88,"publisher":{"@id":"https:\/\/pmab.it\/it\/#organization"},"image":{"@id":"https:\/\/pmab.it\/it\/die-presse-berichtet-von-uns-11-03-2021\/#primaryimage"},"thumbnailUrl":"https:\/\/pmab.it\/wp-content\/uploads\/2025\/02\/stz048_tz_tz15-1_page-0001.jpg","articleSection":["Unkategorisiert"],"inLanguage":"it-IT"},{"@type":"WebPage","@id":"https:\/\/pmab.it\/it\/die-presse-berichtet-von-uns-11-03-2021\/","url":"https:\/\/pmab.it\/it\/die-presse-berichtet-von-uns-11-03-2021\/","name":"Studio legale PMAB Bolzano \u2013 News & Stampa \u2013 Die Presse berichtet von uns \u2013 11.03.2021","isPartOf":{"@id":"https:\/\/pmab.it\/it\/#website"},"primaryImageOfPage":{"@id":"https:\/\/pmab.it\/it\/die-presse-berichtet-von-uns-11-03-2021\/#primaryimage"},"image":{"@id":"https:\/\/pmab.it\/it\/die-presse-berichtet-von-uns-11-03-2021\/#primaryimage"},"thumbnailUrl":"https:\/\/pmab.it\/wp-content\/uploads\/2025\/02\/stz048_tz_tz15-1_page-0001.jpg","datePublished":"2021-03-11T16:00:33+00:00","dateModified":"2025-02-10T16:00:48+00:00","description":"Notizie, articoli e comunicati stampa dello studio legale PMAB a Bolzano. Aggiornamenti giuridici e novit\u00e0 dallo studio.","breadcrumb":{"@id":"https:\/\/pmab.it\/it\/die-presse-berichtet-von-uns-11-03-2021\/#breadcrumb"},"inLanguage":"it-IT","potentialAction":[{"@type":"ReadAction","target":["https:\/\/pmab.it\/it\/die-presse-berichtet-von-uns-11-03-2021\/"]}]},{"@type":"ImageObject","inLanguage":"it-IT","@id":"https:\/\/pmab.it\/it\/die-presse-berichtet-von-uns-11-03-2021\/#primaryimage","url":"https:\/\/pmab.it\/wp-content\/uploads\/2025\/02\/stz048_tz_tz15-1_page-0001.jpg","contentUrl":"https:\/\/pmab.it\/wp-content\/uploads\/2025\/02\/stz048_tz_tz15-1_page-0001.jpg","width":1418,"height":2008,"caption":"Zeitungsausschnitt der Tageszeitung vom 11. M\u00e4rz 2021 mit dem Artikel \u201aDer zweite Rekurs\u2018. Der Bericht informiert \u00fcber eine neue Klage von Eltern aus dem Burggrafenamt und dem Vinschgau gegen die Verl\u00e4ngerung des Corona-Fernunterrichts in S\u00fcdtirol. Anwalt Alexander Bauer reichte den Rekurs beim Verwaltungsgericht ein, da Eltern einen Versto\u00df gegen das Recht auf Bildung und Gesundheit geltend machen. Die Entscheidung \u00fcber eine m\u00f6gliche R\u00fcckkehr zum Pr\u00e4senzunterricht wird nicht vor dem 13. April erwartet. Der Artikel ist mit einem Symbolfoto eines leeren Klassenzimmers bebildert."},{"@type":"BreadcrumbList","@id":"https:\/\/pmab.it\/it\/die-presse-berichtet-von-uns-11-03-2021\/#breadcrumb","itemListElement":[{"@type":"ListItem","position":1,"name":"Home","item":"https:\/\/pmab.it\/it\/"},{"@type":"ListItem","position":2,"name":"Die Presse berichtet von uns \u2013 11.03.2021"}]},{"@type":"WebSite","@id":"https:\/\/pmab.it\/it\/#website","url":"https:\/\/pmab.it\/it\/","name":"PMAB. Anw\u00e4lte Avvocati","description":"Lo studio legale PMAB a Bolzano e Merano offre assistenza in diritto civile, di famiglia, del lavoro, societario, amministrativo e tributario.","publisher":{"@id":"https:\/\/pmab.it\/it\/#organization"},"alternateName":"PMAB - Anwaltskanzlei in Bozen und Meran","potentialAction":[{"@type":"SearchAction","target":{"@type":"EntryPoint","urlTemplate":"https:\/\/pmab.it\/it\/?s={search_term_string}"},"query-input":{"@type":"PropertyValueSpecification","valueRequired":true,"valueName":"search_term_string"}}],"inLanguage":"it-IT"},{"@type":"Organization","@id":"https:\/\/pmab.it\/it\/#organization","name":"PMAB. Anw\u00e4lte Avvocati","url":"https:\/\/pmab.it\/it\/","logo":{"@type":"ImageObject","inLanguage":"it-IT","@id":"https:\/\/pmab.it\/it\/#\/schema\/logo\/image\/","url":"https:\/\/pmab.it\/wp-content\/uploads\/2024\/12\/PMAB-anthrazit-large.png","contentUrl":"https:\/\/pmab.it\/wp-content\/uploads\/2024\/12\/PMAB-anthrazit-large.png","width":1299,"height":319,"caption":"PMAB. Anw\u00e4lte Avvocati"},"image":{"@id":"https:\/\/pmab.it\/it\/#\/schema\/logo\/image\/"}},{"@type":"Person","@id":"https:\/\/pmab.it\/it\/#\/schema\/person\/4253fc53149bb462a2c696ea7c744328","name":"Webmaster","image":{"@type":"ImageObject","inLanguage":"it-IT","@id":"https:\/\/secure.gravatar.com\/avatar\/bfa221db63a615db154bcb5b3b83101c01a68321277aead0e6863b31401c514b?s=96&d=mm&r=g","url":"https:\/\/secure.gravatar.com\/avatar\/bfa221db63a615db154bcb5b3b83101c01a68321277aead0e6863b31401c514b?s=96&d=mm&r=g","contentUrl":"https:\/\/secure.gravatar.com\/avatar\/bfa221db63a615db154bcb5b3b83101c01a68321277aead0e6863b31401c514b?s=96&d=mm&r=g","caption":"Webmaster"},"sameAs":["https:\/\/pmab.it"]}]}},"_links":{"self":[{"href":"https:\/\/pmab.it\/it\/wp-json\/wp\/v2\/posts\/1361","targetHints":{"allow":["GET"]}}],"collection":[{"href":"https:\/\/pmab.it\/it\/wp-json\/wp\/v2\/posts"}],"about":[{"href":"https:\/\/pmab.it\/it\/wp-json\/wp\/v2\/types\/post"}],"author":[{"embeddable":true,"href":"https:\/\/pmab.it\/it\/wp-json\/wp\/v2\/users\/1"}],"replies":[{"embeddable":true,"href":"https:\/\/pmab.it\/it\/wp-json\/wp\/v2\/comments?post=1361"}],"version-history":[{"count":0,"href":"https:\/\/pmab.it\/it\/wp-json\/wp\/v2\/posts\/1361\/revisions"}],"wp:featuredmedia":[{"embeddable":true,"href":"https:\/\/pmab.it\/it\/wp-json\/wp\/v2\/media\/1362"}],"wp:attachment":[{"href":"https:\/\/pmab.it\/it\/wp-json\/wp\/v2\/media?parent=1361"}],"wp:term":[{"taxonomy":"category","embeddable":true,"href":"https:\/\/pmab.it\/it\/wp-json\/wp\/v2\/categories?post=1361"},{"taxonomy":"post_tag","embeddable":true,"href":"https:\/\/pmab.it\/it\/wp-json\/wp\/v2\/tags?post=1361"}],"curies":[{"name":"wp","href":"https:\/\/api.w.org\/{rel}","templated":true}]}}