{"id":1366,"date":"2021-03-21T17:02:09","date_gmt":"2021-03-21T16:02:09","guid":{"rendered":"https:\/\/pmab.it\/?p=1366"},"modified":"2025-02-10T17:02:22","modified_gmt":"2025-02-10T16:02:22","slug":"geschaeftsmiete-und-nichterfuellung-in-corona-zeiten","status":"publish","type":"post","link":"https:\/\/pmab.it\/it\/geschaeftsmiete-und-nichterfuellung-in-corona-zeiten\/","title":{"rendered":"Gesch\u00e4ftsmiete und Nichterf\u00fcllung in Corona-Zeiten"},"content":{"rendered":"<p>Wieder gibt es Neuigkeiten von den Gerichten zum Thema Nichterf\u00fcllung bei Gesch\u00e4ftsmieten im Zusammenhang mit dem Gesundheitsnotstand (wir hatten hierzu bereits berichtet, s. News vom 26.11.2020).<\/p>\n<p>Das Landesgericht La Spezia hat mit Urteil Nr. 167 vom 14.12.2020 wie folgt entschieden.<\/p>\n<p><strong>Zum Sachverhalt:<\/strong><\/p>\n<p>Der Vermieter hatte dem Mieter eine R\u00e4umungsklage zugestellt, zumal dieser w\u00e4hrend des Lockdowns mit drei Monatsmieten im R\u00fcckstand war. Der Mieter hat unmittelbar nach Erhalt der R\u00e4umungsklage s\u00e4mtliche Ausst\u00e4nde sowie Spesen des Vermieters beglichen.<\/p>\n<p><strong>Entscheidung des Gerichts:<\/strong><\/p>\n<p>Das Landesgericht ist nach Abw\u00e4gung aller Umst\u00e4nde zum Schluss gekommen, dass keine schwere Nichterf\u00fcllung, welche eine Aufl\u00f6sung des Mietvertrages rechtfertigen w\u00fcrde, vorliegt. Bei dieser Bewertung hat das Gericht folgenden Umst\u00e4nden Rechnung getragen: langes bisheriges Bestehen des Mietverh\u00e4ltnisses (seit 1989), lediglich vor\u00fcbergehende Nichterf\u00fcllung, welche sich auf die Zeit des Gesundheitsnotstandes beschr\u00e4nkt, der gute Glaube und die Korrektheit des Schuldners, welcher umgehend nach Zustellung der Klage die R\u00fcckst\u00e4nde und Spesen erstattet hat, und die relativ geringe H\u00f6he der geschuldeten Betr\u00e4ge. Nicht zuletzt hat das Gericht auch auf die Corona-Gesetzgebung verwiesen, wonach die Einhaltung der entsprechenden Bestimmungen immer im Lichte eines Haftungsausschlusses zu werten ist (Art. 91 GD Nr. 18\/2020). Unter Ber\u00fccksichtigung all dieser Umst\u00e4nde kann die Nichterf\u00fcllung nicht als schwer gewertet und somit das Mietverh\u00e4ltnis nicht aufgel\u00f6st werden. Die Verfahrenskosten wurden zwischen den Parteien kompensiert, da sich die Nichterf\u00fcllung \u2013 wenn auch nicht im Ausma\u00df, welches die beantragte Vertragsaufl\u00f6sung gerechtfertigt h\u00e4tte \u2013 jedenfalls ereignet hat.<\/p>\n","protected":false},"excerpt":{"rendered":"<p>Wieder gibt es Neuigkeiten von den Gerichten zum Thema Nichterf\u00fcllung bei Gesch\u00e4ftsmieten im Zusammenhang mit dem Gesundheitsnotstand (wir hatten hierzu bereits berichtet, s. News vom 26.11.2020). Das Landesgericht La Spezia hat mit Urteil Nr. 167 vom 14.12.2020 wie folgt entschieden. Zum Sachverhalt: Der Vermieter hatte dem Mieter eine R\u00e4umungsklage zugestellt, zumal dieser w\u00e4hrend des Lockdowns [&hellip;]<\/p>\n","protected":false},"author":1,"featured_media":0,"comment_status":"closed","ping_status":"closed","sticky":false,"template":"","format":"standard","meta":{"_acf_changed":false,"footnotes":""},"categories":[1],"tags":[],"class_list":["post-1366","post","type-post","status-publish","format-standard","hentry","category-unkategorisiert"],"acf":[],"yoast_head":"<!-- This site is optimized with the Yoast SEO plugin v27.3 - https:\/\/yoast.com\/product\/yoast-seo-wordpress\/ -->\n<title>Studio legale PMAB Bolzano \u2013 News &amp; Stampa \u2013 Gesch\u00e4ftsmiete und Nichterf\u00fcllung in Corona-Zeiten<\/title>\n<meta name=\"description\" content=\"Notizie, articoli e comunicati stampa dello studio legale PMAB a Bolzano. Aggiornamenti giuridici e novit\u00e0 dallo studio.\" \/>\n<meta name=\"robots\" content=\"index, follow, max-snippet:-1, max-image-preview:large, max-video-preview:-1\" \/>\n<link rel=\"canonical\" href=\"https:\/\/pmab.it\/it\/geschaeftsmiete-und-nichterfuellung-in-corona-zeiten\/\" \/>\n<meta property=\"og:locale\" content=\"it_IT\" \/>\n<meta property=\"og:type\" content=\"article\" \/>\n<meta property=\"og:title\" content=\"Studio legale PMAB Bolzano \u2013 News &amp; Stampa \u2013 Gesch\u00e4ftsmiete und Nichterf\u00fcllung in Corona-Zeiten\" \/>\n<meta property=\"og:description\" content=\"Notizie, articoli e comunicati stampa dello studio legale PMAB a Bolzano. Aggiornamenti giuridici e novit\u00e0 dallo studio.\" \/>\n<meta property=\"og:url\" content=\"https:\/\/pmab.it\/it\/geschaeftsmiete-und-nichterfuellung-in-corona-zeiten\/\" \/>\n<meta property=\"og:site_name\" content=\"PMAB\" \/>\n<meta property=\"article:published_time\" content=\"2021-03-21T16:02:09+00:00\" \/>\n<meta property=\"article:modified_time\" content=\"2025-02-10T16:02:22+00:00\" \/>\n<meta property=\"og:image\" content=\"https:\/\/pmab.it\/wp-content\/uploads\/2025\/02\/pmab-meeting-room-resized.jpg\" \/>\n\t<meta property=\"og:image:width\" content=\"2048\" \/>\n\t<meta property=\"og:image:height\" content=\"1363\" \/>\n\t<meta property=\"og:image:type\" content=\"image\/jpeg\" \/>\n<meta name=\"author\" content=\"Webmaster\" \/>\n<meta name=\"twitter:card\" content=\"summary_large_image\" \/>\n<meta name=\"twitter:label1\" content=\"Scritto da\" \/>\n\t<meta name=\"twitter:data1\" content=\"Webmaster\" \/>\n\t<meta name=\"twitter:label2\" content=\"Tempo di lettura stimato\" \/>\n\t<meta name=\"twitter:data2\" content=\"2 minuti\" \/>\n<script type=\"application\/ld+json\" class=\"yoast-schema-graph\">{\"@context\":\"https:\\\/\\\/schema.org\",\"@graph\":[{\"@type\":\"Article\",\"@id\":\"https:\\\/\\\/pmab.it\\\/it\\\/geschaeftsmiete-und-nichterfuellung-in-corona-zeiten\\\/#article\",\"isPartOf\":{\"@id\":\"https:\\\/\\\/pmab.it\\\/it\\\/geschaeftsmiete-und-nichterfuellung-in-corona-zeiten\\\/\"},\"author\":{\"name\":\"Webmaster\",\"@id\":\"https:\\\/\\\/pmab.it\\\/it\\\/#\\\/schema\\\/person\\\/4253fc53149bb462a2c696ea7c744328\"},\"headline\":\"Gesch\u00e4ftsmiete und Nichterf\u00fcllung in Corona-Zeiten\",\"datePublished\":\"2021-03-21T16:02:09+00:00\",\"dateModified\":\"2025-02-10T16:02:22+00:00\",\"mainEntityOfPage\":{\"@id\":\"https:\\\/\\\/pmab.it\\\/it\\\/geschaeftsmiete-und-nichterfuellung-in-corona-zeiten\\\/\"},\"wordCount\":261,\"publisher\":{\"@id\":\"https:\\\/\\\/pmab.it\\\/it\\\/#organization\"},\"articleSection\":[\"Unkategorisiert\"],\"inLanguage\":\"it-IT\"},{\"@type\":\"WebPage\",\"@id\":\"https:\\\/\\\/pmab.it\\\/it\\\/geschaeftsmiete-und-nichterfuellung-in-corona-zeiten\\\/\",\"url\":\"https:\\\/\\\/pmab.it\\\/it\\\/geschaeftsmiete-und-nichterfuellung-in-corona-zeiten\\\/\",\"name\":\"Studio legale PMAB Bolzano \u2013 News & Stampa \u2013 Gesch\u00e4ftsmiete und Nichterf\u00fcllung in Corona-Zeiten\",\"isPartOf\":{\"@id\":\"https:\\\/\\\/pmab.it\\\/it\\\/#website\"},\"datePublished\":\"2021-03-21T16:02:09+00:00\",\"dateModified\":\"2025-02-10T16:02:22+00:00\",\"description\":\"Notizie, articoli e comunicati stampa dello studio legale PMAB a Bolzano. Aggiornamenti giuridici e novit\u00e0 dallo studio.\",\"breadcrumb\":{\"@id\":\"https:\\\/\\\/pmab.it\\\/it\\\/geschaeftsmiete-und-nichterfuellung-in-corona-zeiten\\\/#breadcrumb\"},\"inLanguage\":\"it-IT\",\"potentialAction\":[{\"@type\":\"ReadAction\",\"target\":[\"https:\\\/\\\/pmab.it\\\/it\\\/geschaeftsmiete-und-nichterfuellung-in-corona-zeiten\\\/\"]}]},{\"@type\":\"BreadcrumbList\",\"@id\":\"https:\\\/\\\/pmab.it\\\/it\\\/geschaeftsmiete-und-nichterfuellung-in-corona-zeiten\\\/#breadcrumb\",\"itemListElement\":[{\"@type\":\"ListItem\",\"position\":1,\"name\":\"Home\",\"item\":\"https:\\\/\\\/pmab.it\\\/it\\\/\"},{\"@type\":\"ListItem\",\"position\":2,\"name\":\"Gesch\u00e4ftsmiete und Nichterf\u00fcllung in Corona-Zeiten\"}]},{\"@type\":\"WebSite\",\"@id\":\"https:\\\/\\\/pmab.it\\\/it\\\/#website\",\"url\":\"https:\\\/\\\/pmab.it\\\/it\\\/\",\"name\":\"PMAB. Anw\u00e4lte Avvocati\",\"description\":\"Lo studio legale PMAB a Bolzano e Merano offre assistenza in diritto civile, di famiglia, del lavoro, societario, amministrativo e tributario.\",\"publisher\":{\"@id\":\"https:\\\/\\\/pmab.it\\\/it\\\/#organization\"},\"alternateName\":\"PMAB - Anwaltskanzlei in Bozen und Meran\",\"potentialAction\":[{\"@type\":\"SearchAction\",\"target\":{\"@type\":\"EntryPoint\",\"urlTemplate\":\"https:\\\/\\\/pmab.it\\\/it\\\/?s={search_term_string}\"},\"query-input\":{\"@type\":\"PropertyValueSpecification\",\"valueRequired\":true,\"valueName\":\"search_term_string\"}}],\"inLanguage\":\"it-IT\"},{\"@type\":\"Organization\",\"@id\":\"https:\\\/\\\/pmab.it\\\/it\\\/#organization\",\"name\":\"PMAB. Anw\u00e4lte Avvocati\",\"url\":\"https:\\\/\\\/pmab.it\\\/it\\\/\",\"logo\":{\"@type\":\"ImageObject\",\"inLanguage\":\"it-IT\",\"@id\":\"https:\\\/\\\/pmab.it\\\/it\\\/#\\\/schema\\\/logo\\\/image\\\/\",\"url\":\"https:\\\/\\\/pmab.it\\\/wp-content\\\/uploads\\\/2024\\\/12\\\/PMAB-anthrazit-large.png\",\"contentUrl\":\"https:\\\/\\\/pmab.it\\\/wp-content\\\/uploads\\\/2024\\\/12\\\/PMAB-anthrazit-large.png\",\"width\":1299,\"height\":319,\"caption\":\"PMAB. Anw\u00e4lte Avvocati\"},\"image\":{\"@id\":\"https:\\\/\\\/pmab.it\\\/it\\\/#\\\/schema\\\/logo\\\/image\\\/\"}},{\"@type\":\"Person\",\"@id\":\"https:\\\/\\\/pmab.it\\\/it\\\/#\\\/schema\\\/person\\\/4253fc53149bb462a2c696ea7c744328\",\"name\":\"Webmaster\",\"image\":{\"@type\":\"ImageObject\",\"inLanguage\":\"it-IT\",\"@id\":\"https:\\\/\\\/secure.gravatar.com\\\/avatar\\\/bfa221db63a615db154bcb5b3b83101c01a68321277aead0e6863b31401c514b?s=96&d=mm&r=g\",\"url\":\"https:\\\/\\\/secure.gravatar.com\\\/avatar\\\/bfa221db63a615db154bcb5b3b83101c01a68321277aead0e6863b31401c514b?s=96&d=mm&r=g\",\"contentUrl\":\"https:\\\/\\\/secure.gravatar.com\\\/avatar\\\/bfa221db63a615db154bcb5b3b83101c01a68321277aead0e6863b31401c514b?s=96&d=mm&r=g\",\"caption\":\"Webmaster\"},\"sameAs\":[\"https:\\\/\\\/pmab.it\"]}]}<\/script>\n<!-- \/ Yoast SEO plugin. -->","yoast_head_json":{"title":"Studio legale PMAB Bolzano \u2013 News & Stampa \u2013 Gesch\u00e4ftsmiete und Nichterf\u00fcllung in Corona-Zeiten","description":"Notizie, articoli e comunicati stampa dello studio legale PMAB a Bolzano. Aggiornamenti giuridici e novit\u00e0 dallo studio.","robots":{"index":"index","follow":"follow","max-snippet":"max-snippet:-1","max-image-preview":"max-image-preview:large","max-video-preview":"max-video-preview:-1"},"canonical":"https:\/\/pmab.it\/it\/geschaeftsmiete-und-nichterfuellung-in-corona-zeiten\/","og_locale":"it_IT","og_type":"article","og_title":"Studio legale PMAB Bolzano \u2013 News & Stampa \u2013 Gesch\u00e4ftsmiete und Nichterf\u00fcllung in Corona-Zeiten","og_description":"Notizie, articoli e comunicati stampa dello studio legale PMAB a Bolzano. Aggiornamenti giuridici e novit\u00e0 dallo studio.","og_url":"https:\/\/pmab.it\/it\/geschaeftsmiete-und-nichterfuellung-in-corona-zeiten\/","og_site_name":"PMAB","article_published_time":"2021-03-21T16:02:09+00:00","article_modified_time":"2025-02-10T16:02:22+00:00","og_image":[{"width":2048,"height":1363,"url":"https:\/\/pmab.it\/wp-content\/uploads\/2025\/02\/pmab-meeting-room-resized.jpg","type":"image\/jpeg"}],"author":"Webmaster","twitter_card":"summary_large_image","twitter_misc":{"Scritto da":"Webmaster","Tempo di lettura stimato":"2 minuti"},"schema":{"@context":"https:\/\/schema.org","@graph":[{"@type":"Article","@id":"https:\/\/pmab.it\/it\/geschaeftsmiete-und-nichterfuellung-in-corona-zeiten\/#article","isPartOf":{"@id":"https:\/\/pmab.it\/it\/geschaeftsmiete-und-nichterfuellung-in-corona-zeiten\/"},"author":{"name":"Webmaster","@id":"https:\/\/pmab.it\/it\/#\/schema\/person\/4253fc53149bb462a2c696ea7c744328"},"headline":"Gesch\u00e4ftsmiete und Nichterf\u00fcllung in Corona-Zeiten","datePublished":"2021-03-21T16:02:09+00:00","dateModified":"2025-02-10T16:02:22+00:00","mainEntityOfPage":{"@id":"https:\/\/pmab.it\/it\/geschaeftsmiete-und-nichterfuellung-in-corona-zeiten\/"},"wordCount":261,"publisher":{"@id":"https:\/\/pmab.it\/it\/#organization"},"articleSection":["Unkategorisiert"],"inLanguage":"it-IT"},{"@type":"WebPage","@id":"https:\/\/pmab.it\/it\/geschaeftsmiete-und-nichterfuellung-in-corona-zeiten\/","url":"https:\/\/pmab.it\/it\/geschaeftsmiete-und-nichterfuellung-in-corona-zeiten\/","name":"Studio legale PMAB Bolzano \u2013 News & Stampa \u2013 Gesch\u00e4ftsmiete und Nichterf\u00fcllung in Corona-Zeiten","isPartOf":{"@id":"https:\/\/pmab.it\/it\/#website"},"datePublished":"2021-03-21T16:02:09+00:00","dateModified":"2025-02-10T16:02:22+00:00","description":"Notizie, articoli e comunicati stampa dello studio legale PMAB a Bolzano. Aggiornamenti giuridici e novit\u00e0 dallo studio.","breadcrumb":{"@id":"https:\/\/pmab.it\/it\/geschaeftsmiete-und-nichterfuellung-in-corona-zeiten\/#breadcrumb"},"inLanguage":"it-IT","potentialAction":[{"@type":"ReadAction","target":["https:\/\/pmab.it\/it\/geschaeftsmiete-und-nichterfuellung-in-corona-zeiten\/"]}]},{"@type":"BreadcrumbList","@id":"https:\/\/pmab.it\/it\/geschaeftsmiete-und-nichterfuellung-in-corona-zeiten\/#breadcrumb","itemListElement":[{"@type":"ListItem","position":1,"name":"Home","item":"https:\/\/pmab.it\/it\/"},{"@type":"ListItem","position":2,"name":"Gesch\u00e4ftsmiete und Nichterf\u00fcllung in Corona-Zeiten"}]},{"@type":"WebSite","@id":"https:\/\/pmab.it\/it\/#website","url":"https:\/\/pmab.it\/it\/","name":"PMAB. Anw\u00e4lte Avvocati","description":"Lo studio legale PMAB a Bolzano e Merano offre assistenza in diritto civile, di famiglia, del lavoro, societario, amministrativo e tributario.","publisher":{"@id":"https:\/\/pmab.it\/it\/#organization"},"alternateName":"PMAB - Anwaltskanzlei in Bozen und Meran","potentialAction":[{"@type":"SearchAction","target":{"@type":"EntryPoint","urlTemplate":"https:\/\/pmab.it\/it\/?s={search_term_string}"},"query-input":{"@type":"PropertyValueSpecification","valueRequired":true,"valueName":"search_term_string"}}],"inLanguage":"it-IT"},{"@type":"Organization","@id":"https:\/\/pmab.it\/it\/#organization","name":"PMAB. Anw\u00e4lte Avvocati","url":"https:\/\/pmab.it\/it\/","logo":{"@type":"ImageObject","inLanguage":"it-IT","@id":"https:\/\/pmab.it\/it\/#\/schema\/logo\/image\/","url":"https:\/\/pmab.it\/wp-content\/uploads\/2024\/12\/PMAB-anthrazit-large.png","contentUrl":"https:\/\/pmab.it\/wp-content\/uploads\/2024\/12\/PMAB-anthrazit-large.png","width":1299,"height":319,"caption":"PMAB. Anw\u00e4lte Avvocati"},"image":{"@id":"https:\/\/pmab.it\/it\/#\/schema\/logo\/image\/"}},{"@type":"Person","@id":"https:\/\/pmab.it\/it\/#\/schema\/person\/4253fc53149bb462a2c696ea7c744328","name":"Webmaster","image":{"@type":"ImageObject","inLanguage":"it-IT","@id":"https:\/\/secure.gravatar.com\/avatar\/bfa221db63a615db154bcb5b3b83101c01a68321277aead0e6863b31401c514b?s=96&d=mm&r=g","url":"https:\/\/secure.gravatar.com\/avatar\/bfa221db63a615db154bcb5b3b83101c01a68321277aead0e6863b31401c514b?s=96&d=mm&r=g","contentUrl":"https:\/\/secure.gravatar.com\/avatar\/bfa221db63a615db154bcb5b3b83101c01a68321277aead0e6863b31401c514b?s=96&d=mm&r=g","caption":"Webmaster"},"sameAs":["https:\/\/pmab.it"]}]}},"_links":{"self":[{"href":"https:\/\/pmab.it\/it\/wp-json\/wp\/v2\/posts\/1366","targetHints":{"allow":["GET"]}}],"collection":[{"href":"https:\/\/pmab.it\/it\/wp-json\/wp\/v2\/posts"}],"about":[{"href":"https:\/\/pmab.it\/it\/wp-json\/wp\/v2\/types\/post"}],"author":[{"embeddable":true,"href":"https:\/\/pmab.it\/it\/wp-json\/wp\/v2\/users\/1"}],"replies":[{"embeddable":true,"href":"https:\/\/pmab.it\/it\/wp-json\/wp\/v2\/comments?post=1366"}],"version-history":[{"count":0,"href":"https:\/\/pmab.it\/it\/wp-json\/wp\/v2\/posts\/1366\/revisions"}],"wp:attachment":[{"href":"https:\/\/pmab.it\/it\/wp-json\/wp\/v2\/media?parent=1366"}],"wp:term":[{"taxonomy":"category","embeddable":true,"href":"https:\/\/pmab.it\/it\/wp-json\/wp\/v2\/categories?post=1366"},{"taxonomy":"post_tag","embeddable":true,"href":"https:\/\/pmab.it\/it\/wp-json\/wp\/v2\/tags?post=1366"}],"curies":[{"name":"wp","href":"https:\/\/api.w.org\/{rel}","templated":true}]}}