{"id":1400,"date":"2022-11-27T17:26:26","date_gmt":"2022-11-27T16:26:26","guid":{"rendered":"https:\/\/pmab.it\/?p=1400"},"modified":"2025-02-10T17:26:43","modified_gmt":"2025-02-10T16:26:43","slug":"disziplinarverfahren-und-krankschreibung","status":"publish","type":"post","link":"https:\/\/pmab.it\/it\/disziplinarverfahren-und-krankschreibung\/","title":{"rendered":"Disziplinarverfahren und Krankschreibung"},"content":{"rendered":"<p>Was passiert, wenn sich der Arbeitnehmer bei beh\u00e4ngendem Disziplinarverfahren krankschreiben l\u00e4sst?<\/p>\n<p>Wussten Sie, dass disziplinarrechtliche K\u00fcndigungen wegen Fehlverhaltens des Arbeitnehmers r\u00fcckwirkende Wirkung entfalten?<\/p>\n<p>Zwar entsteht die K\u00fcndigung erst, sobald der Arbeitnehmer Kenntnis von ihr erlangt (effektiver Erhalt des K\u00fcndigungsschreibens oder auch blo\u00df gesetzlich vermutete Kenntnis ab dem Einwurf des Zustellungshinweises in dessen Briefkasten durch den Postboten; siehe KassGH Nr. 23589\/2018).<\/p>\n<p>Jedoch wirkt die K\u00fcndigung auf jenen Zeitpunkt zur\u00fcck, zu dem das zugrundeliegende Disziplinarverfahren gegen den Mitarbeiter eingeleitet wurde, sprich diesem das Beanstandungsschreiben mit den Vorw\u00fcrfen zugestellt wurde (Art. 1, Abs. 41, Gesetz vom 28.06.2012, Nr. 92).<\/p>\n<p>In der Praxis liegen zwischen der Einleitung des Disziplinarverfahrens und der K\u00fcndigung oft bis zu 1 Monat. L\u00e4sst sich also der Arbeitnehmer in diesem Zeitraum krankschreiben, hat dies keinen Einfluss auf die Wirksamkeit der K\u00fcndigung. Bei der Abmeldung des Arbeitnehmers kann als letzter Arbeitstag jener der Er\u00f6ffnung des Disziplinarverfahrens angef\u00fchrt werden (siehe Vermerk des Arbeitsministeriums Nr. 18273 vom 12.10.2012).<\/p>\n<p>Was hingegen die (i) vom Arbeitgeber einzuhaltende K\u00fcndigungsfrist, die (ii) Anfechtungsfristen der K\u00fcndigung seitens des Arbeitnehmers (60 Tage f\u00fcr au\u00dfergerichtliche Anfechtung und 180 Tage f\u00fcr Hinterlegung des gerichtlichen Rekurses), sowie die (iii) 5-Tages-Frist f\u00fcr die Meldung der Beendigung des Arbeitsverh\u00e4ltnisses an die zust\u00e4ndigen \u00c4mter betrifft, beginnen diese allesamt erst ab Entstehung der K\u00fcndigung an zu laufen (sprich mit deren effektiven oder gesetzlich vermuteten Kenntnis seitens des Arbeitnehmers).<\/p>\n<p>Gerne stehen wir Ihnen f\u00fcr weitere Fragen zu diesem Thema zur Verf\u00fcgung.<\/p>\n","protected":false},"excerpt":{"rendered":"<p>Was passiert, wenn sich der Arbeitnehmer bei beh\u00e4ngendem Disziplinarverfahren krankschreiben l\u00e4sst? Wussten Sie, dass disziplinarrechtliche K\u00fcndigungen wegen Fehlverhaltens des Arbeitnehmers r\u00fcckwirkende Wirkung entfalten? Zwar entsteht die K\u00fcndigung erst, sobald der Arbeitnehmer Kenntnis von ihr erlangt (effektiver Erhalt des K\u00fcndigungsschreibens oder auch blo\u00df gesetzlich vermutete Kenntnis ab dem Einwurf des Zustellungshinweises in dessen Briefkasten durch den [&hellip;]<\/p>\n","protected":false},"author":1,"featured_media":0,"comment_status":"closed","ping_status":"closed","sticky":false,"template":"","format":"standard","meta":{"_acf_changed":false,"footnotes":""},"categories":[1],"tags":[],"class_list":["post-1400","post","type-post","status-publish","format-standard","hentry","category-unkategorisiert"],"acf":[],"yoast_head":"<!-- This site is optimized with the Yoast SEO plugin v27.3 - https:\/\/yoast.com\/product\/yoast-seo-wordpress\/ -->\n<title>Studio legale PMAB Bolzano \u2013 News &amp; Stampa \u2013 Disziplinarverfahren und Krankschreibung<\/title>\n<meta name=\"description\" content=\"Notizie, articoli e comunicati stampa dello studio legale PMAB a Bolzano. Aggiornamenti giuridici e novit\u00e0 dallo studio.\" \/>\n<meta name=\"robots\" content=\"index, follow, max-snippet:-1, max-image-preview:large, max-video-preview:-1\" \/>\n<link rel=\"canonical\" href=\"https:\/\/pmab.it\/it\/disziplinarverfahren-und-krankschreibung\/\" \/>\n<meta property=\"og:locale\" content=\"it_IT\" \/>\n<meta property=\"og:type\" content=\"article\" \/>\n<meta property=\"og:title\" content=\"Studio legale PMAB Bolzano \u2013 News &amp; Stampa \u2013 Disziplinarverfahren und Krankschreibung\" \/>\n<meta property=\"og:description\" content=\"Notizie, articoli e comunicati stampa dello studio legale PMAB a Bolzano. Aggiornamenti giuridici e novit\u00e0 dallo studio.\" \/>\n<meta property=\"og:url\" content=\"https:\/\/pmab.it\/it\/disziplinarverfahren-und-krankschreibung\/\" \/>\n<meta property=\"og:site_name\" content=\"PMAB\" \/>\n<meta property=\"article:published_time\" content=\"2022-11-27T16:26:26+00:00\" \/>\n<meta property=\"article:modified_time\" content=\"2025-02-10T16:26:43+00:00\" \/>\n<meta property=\"og:image\" content=\"https:\/\/pmab.it\/wp-content\/uploads\/2025\/02\/pmab-meeting-room-resized.jpg\" \/>\n\t<meta property=\"og:image:width\" content=\"2048\" \/>\n\t<meta property=\"og:image:height\" content=\"1363\" \/>\n\t<meta property=\"og:image:type\" content=\"image\/jpeg\" \/>\n<meta name=\"author\" content=\"Webmaster\" \/>\n<meta name=\"twitter:card\" content=\"summary_large_image\" \/>\n<meta name=\"twitter:label1\" content=\"Scritto da\" \/>\n\t<meta name=\"twitter:data1\" content=\"Webmaster\" \/>\n\t<meta name=\"twitter:label2\" content=\"Tempo di lettura stimato\" \/>\n\t<meta name=\"twitter:data2\" content=\"2 minuti\" \/>\n<script type=\"application\/ld+json\" class=\"yoast-schema-graph\">{\"@context\":\"https:\\\/\\\/schema.org\",\"@graph\":[{\"@type\":\"Article\",\"@id\":\"https:\\\/\\\/pmab.it\\\/it\\\/disziplinarverfahren-und-krankschreibung\\\/#article\",\"isPartOf\":{\"@id\":\"https:\\\/\\\/pmab.it\\\/it\\\/disziplinarverfahren-und-krankschreibung\\\/\"},\"author\":{\"name\":\"Webmaster\",\"@id\":\"https:\\\/\\\/pmab.it\\\/it\\\/#\\\/schema\\\/person\\\/4253fc53149bb462a2c696ea7c744328\"},\"headline\":\"Disziplinarverfahren und Krankschreibung\",\"datePublished\":\"2022-11-27T16:26:26+00:00\",\"dateModified\":\"2025-02-10T16:26:43+00:00\",\"mainEntityOfPage\":{\"@id\":\"https:\\\/\\\/pmab.it\\\/it\\\/disziplinarverfahren-und-krankschreibung\\\/\"},\"wordCount\":252,\"publisher\":{\"@id\":\"https:\\\/\\\/pmab.it\\\/it\\\/#organization\"},\"articleSection\":[\"Unkategorisiert\"],\"inLanguage\":\"it-IT\"},{\"@type\":\"WebPage\",\"@id\":\"https:\\\/\\\/pmab.it\\\/it\\\/disziplinarverfahren-und-krankschreibung\\\/\",\"url\":\"https:\\\/\\\/pmab.it\\\/it\\\/disziplinarverfahren-und-krankschreibung\\\/\",\"name\":\"Studio legale PMAB Bolzano \u2013 News & Stampa \u2013 Disziplinarverfahren und Krankschreibung\",\"isPartOf\":{\"@id\":\"https:\\\/\\\/pmab.it\\\/it\\\/#website\"},\"datePublished\":\"2022-11-27T16:26:26+00:00\",\"dateModified\":\"2025-02-10T16:26:43+00:00\",\"description\":\"Notizie, articoli e comunicati stampa dello studio legale PMAB a Bolzano. Aggiornamenti giuridici e novit\u00e0 dallo studio.\",\"breadcrumb\":{\"@id\":\"https:\\\/\\\/pmab.it\\\/it\\\/disziplinarverfahren-und-krankschreibung\\\/#breadcrumb\"},\"inLanguage\":\"it-IT\",\"potentialAction\":[{\"@type\":\"ReadAction\",\"target\":[\"https:\\\/\\\/pmab.it\\\/it\\\/disziplinarverfahren-und-krankschreibung\\\/\"]}]},{\"@type\":\"BreadcrumbList\",\"@id\":\"https:\\\/\\\/pmab.it\\\/it\\\/disziplinarverfahren-und-krankschreibung\\\/#breadcrumb\",\"itemListElement\":[{\"@type\":\"ListItem\",\"position\":1,\"name\":\"Home\",\"item\":\"https:\\\/\\\/pmab.it\\\/it\\\/\"},{\"@type\":\"ListItem\",\"position\":2,\"name\":\"Disziplinarverfahren und Krankschreibung\"}]},{\"@type\":\"WebSite\",\"@id\":\"https:\\\/\\\/pmab.it\\\/it\\\/#website\",\"url\":\"https:\\\/\\\/pmab.it\\\/it\\\/\",\"name\":\"PMAB. Anw\u00e4lte Avvocati\",\"description\":\"Lo studio legale PMAB a Bolzano e Merano offre assistenza in diritto civile, di famiglia, del lavoro, societario, amministrativo e tributario.\",\"publisher\":{\"@id\":\"https:\\\/\\\/pmab.it\\\/it\\\/#organization\"},\"alternateName\":\"PMAB - Anwaltskanzlei in Bozen und Meran\",\"potentialAction\":[{\"@type\":\"SearchAction\",\"target\":{\"@type\":\"EntryPoint\",\"urlTemplate\":\"https:\\\/\\\/pmab.it\\\/it\\\/?s={search_term_string}\"},\"query-input\":{\"@type\":\"PropertyValueSpecification\",\"valueRequired\":true,\"valueName\":\"search_term_string\"}}],\"inLanguage\":\"it-IT\"},{\"@type\":\"Organization\",\"@id\":\"https:\\\/\\\/pmab.it\\\/it\\\/#organization\",\"name\":\"PMAB. Anw\u00e4lte Avvocati\",\"url\":\"https:\\\/\\\/pmab.it\\\/it\\\/\",\"logo\":{\"@type\":\"ImageObject\",\"inLanguage\":\"it-IT\",\"@id\":\"https:\\\/\\\/pmab.it\\\/it\\\/#\\\/schema\\\/logo\\\/image\\\/\",\"url\":\"https:\\\/\\\/pmab.it\\\/wp-content\\\/uploads\\\/2024\\\/12\\\/PMAB-anthrazit-large.png\",\"contentUrl\":\"https:\\\/\\\/pmab.it\\\/wp-content\\\/uploads\\\/2024\\\/12\\\/PMAB-anthrazit-large.png\",\"width\":1299,\"height\":319,\"caption\":\"PMAB. Anw\u00e4lte Avvocati\"},\"image\":{\"@id\":\"https:\\\/\\\/pmab.it\\\/it\\\/#\\\/schema\\\/logo\\\/image\\\/\"}},{\"@type\":\"Person\",\"@id\":\"https:\\\/\\\/pmab.it\\\/it\\\/#\\\/schema\\\/person\\\/4253fc53149bb462a2c696ea7c744328\",\"name\":\"Webmaster\",\"image\":{\"@type\":\"ImageObject\",\"inLanguage\":\"it-IT\",\"@id\":\"https:\\\/\\\/secure.gravatar.com\\\/avatar\\\/bfa221db63a615db154bcb5b3b83101c01a68321277aead0e6863b31401c514b?s=96&d=mm&r=g\",\"url\":\"https:\\\/\\\/secure.gravatar.com\\\/avatar\\\/bfa221db63a615db154bcb5b3b83101c01a68321277aead0e6863b31401c514b?s=96&d=mm&r=g\",\"contentUrl\":\"https:\\\/\\\/secure.gravatar.com\\\/avatar\\\/bfa221db63a615db154bcb5b3b83101c01a68321277aead0e6863b31401c514b?s=96&d=mm&r=g\",\"caption\":\"Webmaster\"},\"sameAs\":[\"https:\\\/\\\/pmab.it\"]}]}<\/script>\n<!-- \/ Yoast SEO plugin. -->","yoast_head_json":{"title":"Studio legale PMAB Bolzano \u2013 News & Stampa \u2013 Disziplinarverfahren und Krankschreibung","description":"Notizie, articoli e comunicati stampa dello studio legale PMAB a Bolzano. Aggiornamenti giuridici e novit\u00e0 dallo studio.","robots":{"index":"index","follow":"follow","max-snippet":"max-snippet:-1","max-image-preview":"max-image-preview:large","max-video-preview":"max-video-preview:-1"},"canonical":"https:\/\/pmab.it\/it\/disziplinarverfahren-und-krankschreibung\/","og_locale":"it_IT","og_type":"article","og_title":"Studio legale PMAB Bolzano \u2013 News & Stampa \u2013 Disziplinarverfahren und Krankschreibung","og_description":"Notizie, articoli e comunicati stampa dello studio legale PMAB a Bolzano. Aggiornamenti giuridici e novit\u00e0 dallo studio.","og_url":"https:\/\/pmab.it\/it\/disziplinarverfahren-und-krankschreibung\/","og_site_name":"PMAB","article_published_time":"2022-11-27T16:26:26+00:00","article_modified_time":"2025-02-10T16:26:43+00:00","og_image":[{"width":2048,"height":1363,"url":"https:\/\/pmab.it\/wp-content\/uploads\/2025\/02\/pmab-meeting-room-resized.jpg","type":"image\/jpeg"}],"author":"Webmaster","twitter_card":"summary_large_image","twitter_misc":{"Scritto da":"Webmaster","Tempo di lettura stimato":"2 minuti"},"schema":{"@context":"https:\/\/schema.org","@graph":[{"@type":"Article","@id":"https:\/\/pmab.it\/it\/disziplinarverfahren-und-krankschreibung\/#article","isPartOf":{"@id":"https:\/\/pmab.it\/it\/disziplinarverfahren-und-krankschreibung\/"},"author":{"name":"Webmaster","@id":"https:\/\/pmab.it\/it\/#\/schema\/person\/4253fc53149bb462a2c696ea7c744328"},"headline":"Disziplinarverfahren und Krankschreibung","datePublished":"2022-11-27T16:26:26+00:00","dateModified":"2025-02-10T16:26:43+00:00","mainEntityOfPage":{"@id":"https:\/\/pmab.it\/it\/disziplinarverfahren-und-krankschreibung\/"},"wordCount":252,"publisher":{"@id":"https:\/\/pmab.it\/it\/#organization"},"articleSection":["Unkategorisiert"],"inLanguage":"it-IT"},{"@type":"WebPage","@id":"https:\/\/pmab.it\/it\/disziplinarverfahren-und-krankschreibung\/","url":"https:\/\/pmab.it\/it\/disziplinarverfahren-und-krankschreibung\/","name":"Studio legale PMAB Bolzano \u2013 News & Stampa \u2013 Disziplinarverfahren und Krankschreibung","isPartOf":{"@id":"https:\/\/pmab.it\/it\/#website"},"datePublished":"2022-11-27T16:26:26+00:00","dateModified":"2025-02-10T16:26:43+00:00","description":"Notizie, articoli e comunicati stampa dello studio legale PMAB a Bolzano. Aggiornamenti giuridici e novit\u00e0 dallo studio.","breadcrumb":{"@id":"https:\/\/pmab.it\/it\/disziplinarverfahren-und-krankschreibung\/#breadcrumb"},"inLanguage":"it-IT","potentialAction":[{"@type":"ReadAction","target":["https:\/\/pmab.it\/it\/disziplinarverfahren-und-krankschreibung\/"]}]},{"@type":"BreadcrumbList","@id":"https:\/\/pmab.it\/it\/disziplinarverfahren-und-krankschreibung\/#breadcrumb","itemListElement":[{"@type":"ListItem","position":1,"name":"Home","item":"https:\/\/pmab.it\/it\/"},{"@type":"ListItem","position":2,"name":"Disziplinarverfahren und Krankschreibung"}]},{"@type":"WebSite","@id":"https:\/\/pmab.it\/it\/#website","url":"https:\/\/pmab.it\/it\/","name":"PMAB. Anw\u00e4lte Avvocati","description":"Lo studio legale PMAB a Bolzano e Merano offre assistenza in diritto civile, di famiglia, del lavoro, societario, amministrativo e tributario.","publisher":{"@id":"https:\/\/pmab.it\/it\/#organization"},"alternateName":"PMAB - Anwaltskanzlei in Bozen und Meran","potentialAction":[{"@type":"SearchAction","target":{"@type":"EntryPoint","urlTemplate":"https:\/\/pmab.it\/it\/?s={search_term_string}"},"query-input":{"@type":"PropertyValueSpecification","valueRequired":true,"valueName":"search_term_string"}}],"inLanguage":"it-IT"},{"@type":"Organization","@id":"https:\/\/pmab.it\/it\/#organization","name":"PMAB. Anw\u00e4lte Avvocati","url":"https:\/\/pmab.it\/it\/","logo":{"@type":"ImageObject","inLanguage":"it-IT","@id":"https:\/\/pmab.it\/it\/#\/schema\/logo\/image\/","url":"https:\/\/pmab.it\/wp-content\/uploads\/2024\/12\/PMAB-anthrazit-large.png","contentUrl":"https:\/\/pmab.it\/wp-content\/uploads\/2024\/12\/PMAB-anthrazit-large.png","width":1299,"height":319,"caption":"PMAB. Anw\u00e4lte Avvocati"},"image":{"@id":"https:\/\/pmab.it\/it\/#\/schema\/logo\/image\/"}},{"@type":"Person","@id":"https:\/\/pmab.it\/it\/#\/schema\/person\/4253fc53149bb462a2c696ea7c744328","name":"Webmaster","image":{"@type":"ImageObject","inLanguage":"it-IT","@id":"https:\/\/secure.gravatar.com\/avatar\/bfa221db63a615db154bcb5b3b83101c01a68321277aead0e6863b31401c514b?s=96&d=mm&r=g","url":"https:\/\/secure.gravatar.com\/avatar\/bfa221db63a615db154bcb5b3b83101c01a68321277aead0e6863b31401c514b?s=96&d=mm&r=g","contentUrl":"https:\/\/secure.gravatar.com\/avatar\/bfa221db63a615db154bcb5b3b83101c01a68321277aead0e6863b31401c514b?s=96&d=mm&r=g","caption":"Webmaster"},"sameAs":["https:\/\/pmab.it"]}]}},"_links":{"self":[{"href":"https:\/\/pmab.it\/it\/wp-json\/wp\/v2\/posts\/1400","targetHints":{"allow":["GET"]}}],"collection":[{"href":"https:\/\/pmab.it\/it\/wp-json\/wp\/v2\/posts"}],"about":[{"href":"https:\/\/pmab.it\/it\/wp-json\/wp\/v2\/types\/post"}],"author":[{"embeddable":true,"href":"https:\/\/pmab.it\/it\/wp-json\/wp\/v2\/users\/1"}],"replies":[{"embeddable":true,"href":"https:\/\/pmab.it\/it\/wp-json\/wp\/v2\/comments?post=1400"}],"version-history":[{"count":0,"href":"https:\/\/pmab.it\/it\/wp-json\/wp\/v2\/posts\/1400\/revisions"}],"wp:attachment":[{"href":"https:\/\/pmab.it\/it\/wp-json\/wp\/v2\/media?parent=1400"}],"wp:term":[{"taxonomy":"category","embeddable":true,"href":"https:\/\/pmab.it\/it\/wp-json\/wp\/v2\/categories?post=1400"},{"taxonomy":"post_tag","embeddable":true,"href":"https:\/\/pmab.it\/it\/wp-json\/wp\/v2\/tags?post=1400"}],"curies":[{"name":"wp","href":"https:\/\/api.w.org\/{rel}","templated":true}]}}