{"id":2277,"date":"2025-06-18T13:41:01","date_gmt":"2025-06-18T11:41:01","guid":{"rendered":"https:\/\/pmab.it\/?p=2277"},"modified":"2025-09-03T13:41:17","modified_gmt":"2025-09-03T11:41:17","slug":"die-presse-berichtet-ueber-uns-18-06-2025","status":"publish","type":"post","link":"https:\/\/pmab.it\/it\/die-presse-berichtet-ueber-uns-18-06-2025\/","title":{"rendered":"Die Presse berichtet \u00fcber uns &#8211; 18.06.2025"},"content":{"rendered":"<p>Die Tageszeitung &#8220;Dolomiten&#8221; vom 18.06.2025 berichtet \u00fcber einen interessanten Fall, den unsere Kanzlei betreut hat.<\/p>\n<p>RA Alexander Bauer hat einen privaten Grundeigent\u00fcmer vertreten, welcher sich gegen eine Bauleitplan\u00e4nderung zur Wehr gesetzt hat. Die Gemeinde St. Ulrich plante auf dessen Grundst\u00fcck einen Busbahnhof zu errichten.<\/p>\n<p>Gegen die entsprechenden Beschl\u00fcsse hat unsere Kanzlei einen Rekurs eingereicht, welcher vom Verwaltungsgericht Bozen angenommen wurde.<\/p>\n","protected":false},"excerpt":{"rendered":"<p>Die Tageszeitung &#8220;Dolomiten&#8221; vom 18.06.2025 berichtet \u00fcber einen interessanten Fall, den unsere Kanzlei betreut hat. RA Alexander Bauer hat einen privaten Grundeigent\u00fcmer vertreten, welcher sich gegen eine Bauleitplan\u00e4nderung zur Wehr gesetzt hat. Die Gemeinde St. Ulrich plante auf dessen Grundst\u00fcck einen Busbahnhof zu errichten. Gegen die entsprechenden Beschl\u00fcsse hat unsere Kanzlei einen Rekurs eingereicht, welcher [&hellip;]<\/p>\n","protected":false},"author":1,"featured_media":2279,"comment_status":"closed","ping_status":"closed","sticky":false,"template":"","format":"standard","meta":{"_acf_changed":false,"footnotes":""},"categories":[1],"tags":[],"class_list":["post-2277","post","type-post","status-publish","format-standard","has-post-thumbnail","hentry","category-unkategorisiert"],"acf":[],"yoast_head":"<!-- This site is optimized with the Yoast SEO plugin v27.3 - https:\/\/yoast.com\/product\/yoast-seo-wordpress\/ -->\n<title>Studio legale PMAB Bolzano \u2013 News &amp; Stampa \u2013 Die Presse berichtet \u00fcber uns - 18.06.2025<\/title>\n<meta name=\"description\" content=\"Notizie, articoli e comunicati stampa dello studio legale PMAB a Bolzano. Aggiornamenti giuridici e novit\u00e0 dallo studio.\" \/>\n<meta name=\"robots\" content=\"index, follow, max-snippet:-1, max-image-preview:large, max-video-preview:-1\" \/>\n<link rel=\"canonical\" href=\"https:\/\/pmab.it\/it\/die-presse-berichtet-ueber-uns-18-06-2025\/\" \/>\n<meta property=\"og:locale\" content=\"it_IT\" \/>\n<meta property=\"og:type\" content=\"article\" \/>\n<meta property=\"og:title\" content=\"Studio legale PMAB Bolzano \u2013 News &amp; Stampa \u2013 Die Presse berichtet \u00fcber uns - 18.06.2025\" \/>\n<meta property=\"og:description\" content=\"Notizie, articoli e comunicati stampa dello studio legale PMAB a Bolzano. Aggiornamenti giuridici e novit\u00e0 dallo studio.\" \/>\n<meta property=\"og:url\" content=\"https:\/\/pmab.it\/it\/die-presse-berichtet-ueber-uns-18-06-2025\/\" \/>\n<meta property=\"og:site_name\" content=\"PMAB\" \/>\n<meta property=\"article:published_time\" content=\"2025-06-18T11:41:01+00:00\" \/>\n<meta property=\"article:modified_time\" content=\"2025-09-03T11:41:17+00:00\" \/>\n<meta property=\"og:image\" content=\"https:\/\/pmab.it\/wp-content\/uploads\/2025\/09\/die-presse-berichtet-ueber-uns-18062025.jpg\" \/>\n\t<meta property=\"og:image:width\" content=\"894\" \/>\n\t<meta property=\"og:image:height\" content=\"556\" \/>\n\t<meta property=\"og:image:type\" content=\"image\/jpeg\" \/>\n<meta name=\"author\" content=\"Webmaster\" \/>\n<meta name=\"twitter:card\" content=\"summary_large_image\" \/>\n<meta name=\"twitter:label1\" content=\"Scritto da\" \/>\n\t<meta name=\"twitter:data1\" content=\"Webmaster\" \/>\n\t<meta name=\"twitter:label2\" content=\"Tempo di lettura stimato\" \/>\n\t<meta name=\"twitter:data2\" content=\"1 minuto\" \/>\n<script type=\"application\/ld+json\" class=\"yoast-schema-graph\">{\"@context\":\"https:\\\/\\\/schema.org\",\"@graph\":[{\"@type\":\"Article\",\"@id\":\"https:\\\/\\\/pmab.it\\\/it\\\/die-presse-berichtet-ueber-uns-18-06-2025\\\/#article\",\"isPartOf\":{\"@id\":\"https:\\\/\\\/pmab.it\\\/it\\\/die-presse-berichtet-ueber-uns-18-06-2025\\\/\"},\"author\":{\"name\":\"Webmaster\",\"@id\":\"https:\\\/\\\/pmab.it\\\/it\\\/#\\\/schema\\\/person\\\/4253fc53149bb462a2c696ea7c744328\"},\"headline\":\"Die Presse berichtet \u00fcber uns &#8211; 18.06.2025\",\"datePublished\":\"2025-06-18T11:41:01+00:00\",\"dateModified\":\"2025-09-03T11:41:17+00:00\",\"mainEntityOfPage\":{\"@id\":\"https:\\\/\\\/pmab.it\\\/it\\\/die-presse-berichtet-ueber-uns-18-06-2025\\\/\"},\"wordCount\":69,\"publisher\":{\"@id\":\"https:\\\/\\\/pmab.it\\\/it\\\/#organization\"},\"image\":{\"@id\":\"https:\\\/\\\/pmab.it\\\/it\\\/die-presse-berichtet-ueber-uns-18-06-2025\\\/#primaryimage\"},\"thumbnailUrl\":\"https:\\\/\\\/pmab.it\\\/wp-content\\\/uploads\\\/2025\\\/09\\\/die-presse-berichtet-ueber-uns-18062025.jpg\",\"articleSection\":[\"Unkategorisiert\"],\"inLanguage\":\"it-IT\"},{\"@type\":\"WebPage\",\"@id\":\"https:\\\/\\\/pmab.it\\\/it\\\/die-presse-berichtet-ueber-uns-18-06-2025\\\/\",\"url\":\"https:\\\/\\\/pmab.it\\\/it\\\/die-presse-berichtet-ueber-uns-18-06-2025\\\/\",\"name\":\"Studio legale PMAB Bolzano \u2013 News & Stampa \u2013 Die Presse berichtet \u00fcber uns - 18.06.2025\",\"isPartOf\":{\"@id\":\"https:\\\/\\\/pmab.it\\\/it\\\/#website\"},\"primaryImageOfPage\":{\"@id\":\"https:\\\/\\\/pmab.it\\\/it\\\/die-presse-berichtet-ueber-uns-18-06-2025\\\/#primaryimage\"},\"image\":{\"@id\":\"https:\\\/\\\/pmab.it\\\/it\\\/die-presse-berichtet-ueber-uns-18-06-2025\\\/#primaryimage\"},\"thumbnailUrl\":\"https:\\\/\\\/pmab.it\\\/wp-content\\\/uploads\\\/2025\\\/09\\\/die-presse-berichtet-ueber-uns-18062025.jpg\",\"datePublished\":\"2025-06-18T11:41:01+00:00\",\"dateModified\":\"2025-09-03T11:41:17+00:00\",\"description\":\"Notizie, articoli e comunicati stampa dello studio legale PMAB a Bolzano. Aggiornamenti giuridici e novit\u00e0 dallo studio.\",\"breadcrumb\":{\"@id\":\"https:\\\/\\\/pmab.it\\\/it\\\/die-presse-berichtet-ueber-uns-18-06-2025\\\/#breadcrumb\"},\"inLanguage\":\"it-IT\",\"potentialAction\":[{\"@type\":\"ReadAction\",\"target\":[\"https:\\\/\\\/pmab.it\\\/it\\\/die-presse-berichtet-ueber-uns-18-06-2025\\\/\"]}]},{\"@type\":\"ImageObject\",\"inLanguage\":\"it-IT\",\"@id\":\"https:\\\/\\\/pmab.it\\\/it\\\/die-presse-berichtet-ueber-uns-18-06-2025\\\/#primaryimage\",\"url\":\"https:\\\/\\\/pmab.it\\\/wp-content\\\/uploads\\\/2025\\\/09\\\/die-presse-berichtet-ueber-uns-18062025.jpg\",\"contentUrl\":\"https:\\\/\\\/pmab.it\\\/wp-content\\\/uploads\\\/2025\\\/09\\\/die-presse-berichtet-ueber-uns-18062025.jpg\",\"width\":894,\"height\":556},{\"@type\":\"BreadcrumbList\",\"@id\":\"https:\\\/\\\/pmab.it\\\/it\\\/die-presse-berichtet-ueber-uns-18-06-2025\\\/#breadcrumb\",\"itemListElement\":[{\"@type\":\"ListItem\",\"position\":1,\"name\":\"Home\",\"item\":\"https:\\\/\\\/pmab.it\\\/it\\\/\"},{\"@type\":\"ListItem\",\"position\":2,\"name\":\"Die Presse berichtet \u00fcber uns &#8211; 18.06.2025\"}]},{\"@type\":\"WebSite\",\"@id\":\"https:\\\/\\\/pmab.it\\\/it\\\/#website\",\"url\":\"https:\\\/\\\/pmab.it\\\/it\\\/\",\"name\":\"PMAB. Anw\u00e4lte Avvocati\",\"description\":\"Lo studio legale PMAB a Bolzano e Merano offre assistenza in diritto civile, di famiglia, del lavoro, societario, amministrativo e tributario.\",\"publisher\":{\"@id\":\"https:\\\/\\\/pmab.it\\\/it\\\/#organization\"},\"alternateName\":\"PMAB - Anwaltskanzlei in Bozen und Meran\",\"potentialAction\":[{\"@type\":\"SearchAction\",\"target\":{\"@type\":\"EntryPoint\",\"urlTemplate\":\"https:\\\/\\\/pmab.it\\\/it\\\/?s={search_term_string}\"},\"query-input\":{\"@type\":\"PropertyValueSpecification\",\"valueRequired\":true,\"valueName\":\"search_term_string\"}}],\"inLanguage\":\"it-IT\"},{\"@type\":\"Organization\",\"@id\":\"https:\\\/\\\/pmab.it\\\/it\\\/#organization\",\"name\":\"PMAB. Anw\u00e4lte Avvocati\",\"url\":\"https:\\\/\\\/pmab.it\\\/it\\\/\",\"logo\":{\"@type\":\"ImageObject\",\"inLanguage\":\"it-IT\",\"@id\":\"https:\\\/\\\/pmab.it\\\/it\\\/#\\\/schema\\\/logo\\\/image\\\/\",\"url\":\"https:\\\/\\\/pmab.it\\\/wp-content\\\/uploads\\\/2024\\\/12\\\/PMAB-anthrazit-large.png\",\"contentUrl\":\"https:\\\/\\\/pmab.it\\\/wp-content\\\/uploads\\\/2024\\\/12\\\/PMAB-anthrazit-large.png\",\"width\":1299,\"height\":319,\"caption\":\"PMAB. Anw\u00e4lte Avvocati\"},\"image\":{\"@id\":\"https:\\\/\\\/pmab.it\\\/it\\\/#\\\/schema\\\/logo\\\/image\\\/\"}},{\"@type\":\"Person\",\"@id\":\"https:\\\/\\\/pmab.it\\\/it\\\/#\\\/schema\\\/person\\\/4253fc53149bb462a2c696ea7c744328\",\"name\":\"Webmaster\",\"image\":{\"@type\":\"ImageObject\",\"inLanguage\":\"it-IT\",\"@id\":\"https:\\\/\\\/secure.gravatar.com\\\/avatar\\\/bfa221db63a615db154bcb5b3b83101c01a68321277aead0e6863b31401c514b?s=96&d=mm&r=g\",\"url\":\"https:\\\/\\\/secure.gravatar.com\\\/avatar\\\/bfa221db63a615db154bcb5b3b83101c01a68321277aead0e6863b31401c514b?s=96&d=mm&r=g\",\"contentUrl\":\"https:\\\/\\\/secure.gravatar.com\\\/avatar\\\/bfa221db63a615db154bcb5b3b83101c01a68321277aead0e6863b31401c514b?s=96&d=mm&r=g\",\"caption\":\"Webmaster\"},\"sameAs\":[\"https:\\\/\\\/pmab.it\"]}]}<\/script>\n<!-- \/ Yoast SEO plugin. -->","yoast_head_json":{"title":"Studio legale PMAB Bolzano \u2013 News & Stampa \u2013 Die Presse berichtet \u00fcber uns - 18.06.2025","description":"Notizie, articoli e comunicati stampa dello studio legale PMAB a Bolzano. Aggiornamenti giuridici e novit\u00e0 dallo studio.","robots":{"index":"index","follow":"follow","max-snippet":"max-snippet:-1","max-image-preview":"max-image-preview:large","max-video-preview":"max-video-preview:-1"},"canonical":"https:\/\/pmab.it\/it\/die-presse-berichtet-ueber-uns-18-06-2025\/","og_locale":"it_IT","og_type":"article","og_title":"Studio legale PMAB Bolzano \u2013 News & Stampa \u2013 Die Presse berichtet \u00fcber uns - 18.06.2025","og_description":"Notizie, articoli e comunicati stampa dello studio legale PMAB a Bolzano. Aggiornamenti giuridici e novit\u00e0 dallo studio.","og_url":"https:\/\/pmab.it\/it\/die-presse-berichtet-ueber-uns-18-06-2025\/","og_site_name":"PMAB","article_published_time":"2025-06-18T11:41:01+00:00","article_modified_time":"2025-09-03T11:41:17+00:00","og_image":[{"width":894,"height":556,"url":"https:\/\/pmab.it\/wp-content\/uploads\/2025\/09\/die-presse-berichtet-ueber-uns-18062025.jpg","type":"image\/jpeg"}],"author":"Webmaster","twitter_card":"summary_large_image","twitter_misc":{"Scritto da":"Webmaster","Tempo di lettura stimato":"1 minuto"},"schema":{"@context":"https:\/\/schema.org","@graph":[{"@type":"Article","@id":"https:\/\/pmab.it\/it\/die-presse-berichtet-ueber-uns-18-06-2025\/#article","isPartOf":{"@id":"https:\/\/pmab.it\/it\/die-presse-berichtet-ueber-uns-18-06-2025\/"},"author":{"name":"Webmaster","@id":"https:\/\/pmab.it\/it\/#\/schema\/person\/4253fc53149bb462a2c696ea7c744328"},"headline":"Die Presse berichtet \u00fcber uns &#8211; 18.06.2025","datePublished":"2025-06-18T11:41:01+00:00","dateModified":"2025-09-03T11:41:17+00:00","mainEntityOfPage":{"@id":"https:\/\/pmab.it\/it\/die-presse-berichtet-ueber-uns-18-06-2025\/"},"wordCount":69,"publisher":{"@id":"https:\/\/pmab.it\/it\/#organization"},"image":{"@id":"https:\/\/pmab.it\/it\/die-presse-berichtet-ueber-uns-18-06-2025\/#primaryimage"},"thumbnailUrl":"https:\/\/pmab.it\/wp-content\/uploads\/2025\/09\/die-presse-berichtet-ueber-uns-18062025.jpg","articleSection":["Unkategorisiert"],"inLanguage":"it-IT"},{"@type":"WebPage","@id":"https:\/\/pmab.it\/it\/die-presse-berichtet-ueber-uns-18-06-2025\/","url":"https:\/\/pmab.it\/it\/die-presse-berichtet-ueber-uns-18-06-2025\/","name":"Studio legale PMAB Bolzano \u2013 News & Stampa \u2013 Die Presse berichtet \u00fcber uns - 18.06.2025","isPartOf":{"@id":"https:\/\/pmab.it\/it\/#website"},"primaryImageOfPage":{"@id":"https:\/\/pmab.it\/it\/die-presse-berichtet-ueber-uns-18-06-2025\/#primaryimage"},"image":{"@id":"https:\/\/pmab.it\/it\/die-presse-berichtet-ueber-uns-18-06-2025\/#primaryimage"},"thumbnailUrl":"https:\/\/pmab.it\/wp-content\/uploads\/2025\/09\/die-presse-berichtet-ueber-uns-18062025.jpg","datePublished":"2025-06-18T11:41:01+00:00","dateModified":"2025-09-03T11:41:17+00:00","description":"Notizie, articoli e comunicati stampa dello studio legale PMAB a Bolzano. Aggiornamenti giuridici e novit\u00e0 dallo studio.","breadcrumb":{"@id":"https:\/\/pmab.it\/it\/die-presse-berichtet-ueber-uns-18-06-2025\/#breadcrumb"},"inLanguage":"it-IT","potentialAction":[{"@type":"ReadAction","target":["https:\/\/pmab.it\/it\/die-presse-berichtet-ueber-uns-18-06-2025\/"]}]},{"@type":"ImageObject","inLanguage":"it-IT","@id":"https:\/\/pmab.it\/it\/die-presse-berichtet-ueber-uns-18-06-2025\/#primaryimage","url":"https:\/\/pmab.it\/wp-content\/uploads\/2025\/09\/die-presse-berichtet-ueber-uns-18062025.jpg","contentUrl":"https:\/\/pmab.it\/wp-content\/uploads\/2025\/09\/die-presse-berichtet-ueber-uns-18062025.jpg","width":894,"height":556},{"@type":"BreadcrumbList","@id":"https:\/\/pmab.it\/it\/die-presse-berichtet-ueber-uns-18-06-2025\/#breadcrumb","itemListElement":[{"@type":"ListItem","position":1,"name":"Home","item":"https:\/\/pmab.it\/it\/"},{"@type":"ListItem","position":2,"name":"Die Presse berichtet \u00fcber uns &#8211; 18.06.2025"}]},{"@type":"WebSite","@id":"https:\/\/pmab.it\/it\/#website","url":"https:\/\/pmab.it\/it\/","name":"PMAB. Anw\u00e4lte Avvocati","description":"Lo studio legale PMAB a Bolzano e Merano offre assistenza in diritto civile, di famiglia, del lavoro, societario, amministrativo e tributario.","publisher":{"@id":"https:\/\/pmab.it\/it\/#organization"},"alternateName":"PMAB - Anwaltskanzlei in Bozen und Meran","potentialAction":[{"@type":"SearchAction","target":{"@type":"EntryPoint","urlTemplate":"https:\/\/pmab.it\/it\/?s={search_term_string}"},"query-input":{"@type":"PropertyValueSpecification","valueRequired":true,"valueName":"search_term_string"}}],"inLanguage":"it-IT"},{"@type":"Organization","@id":"https:\/\/pmab.it\/it\/#organization","name":"PMAB. Anw\u00e4lte Avvocati","url":"https:\/\/pmab.it\/it\/","logo":{"@type":"ImageObject","inLanguage":"it-IT","@id":"https:\/\/pmab.it\/it\/#\/schema\/logo\/image\/","url":"https:\/\/pmab.it\/wp-content\/uploads\/2024\/12\/PMAB-anthrazit-large.png","contentUrl":"https:\/\/pmab.it\/wp-content\/uploads\/2024\/12\/PMAB-anthrazit-large.png","width":1299,"height":319,"caption":"PMAB. Anw\u00e4lte Avvocati"},"image":{"@id":"https:\/\/pmab.it\/it\/#\/schema\/logo\/image\/"}},{"@type":"Person","@id":"https:\/\/pmab.it\/it\/#\/schema\/person\/4253fc53149bb462a2c696ea7c744328","name":"Webmaster","image":{"@type":"ImageObject","inLanguage":"it-IT","@id":"https:\/\/secure.gravatar.com\/avatar\/bfa221db63a615db154bcb5b3b83101c01a68321277aead0e6863b31401c514b?s=96&d=mm&r=g","url":"https:\/\/secure.gravatar.com\/avatar\/bfa221db63a615db154bcb5b3b83101c01a68321277aead0e6863b31401c514b?s=96&d=mm&r=g","contentUrl":"https:\/\/secure.gravatar.com\/avatar\/bfa221db63a615db154bcb5b3b83101c01a68321277aead0e6863b31401c514b?s=96&d=mm&r=g","caption":"Webmaster"},"sameAs":["https:\/\/pmab.it"]}]}},"_links":{"self":[{"href":"https:\/\/pmab.it\/it\/wp-json\/wp\/v2\/posts\/2277","targetHints":{"allow":["GET"]}}],"collection":[{"href":"https:\/\/pmab.it\/it\/wp-json\/wp\/v2\/posts"}],"about":[{"href":"https:\/\/pmab.it\/it\/wp-json\/wp\/v2\/types\/post"}],"author":[{"embeddable":true,"href":"https:\/\/pmab.it\/it\/wp-json\/wp\/v2\/users\/1"}],"replies":[{"embeddable":true,"href":"https:\/\/pmab.it\/it\/wp-json\/wp\/v2\/comments?post=2277"}],"version-history":[{"count":0,"href":"https:\/\/pmab.it\/it\/wp-json\/wp\/v2\/posts\/2277\/revisions"}],"wp:featuredmedia":[{"embeddable":true,"href":"https:\/\/pmab.it\/it\/wp-json\/wp\/v2\/media\/2279"}],"wp:attachment":[{"href":"https:\/\/pmab.it\/it\/wp-json\/wp\/v2\/media?parent=2277"}],"wp:term":[{"taxonomy":"category","embeddable":true,"href":"https:\/\/pmab.it\/it\/wp-json\/wp\/v2\/categories?post=2277"},{"taxonomy":"post_tag","embeddable":true,"href":"https:\/\/pmab.it\/it\/wp-json\/wp\/v2\/tags?post=2277"}],"curies":[{"name":"wp","href":"https:\/\/api.w.org\/{rel}","templated":true}]}}