{"id":664,"date":"2020-04-08T10:49:05","date_gmt":"2020-04-08T08:49:05","guid":{"rendered":"https:\/\/pmab.it\/?p=664"},"modified":"2025-01-28T16:49:53","modified_gmt":"2025-01-28T15:49:53","slug":"hotels-sind-geschlossen-welche-nutzung-ist-auch-in-der-corona-krise-moeglich","status":"publish","type":"post","link":"https:\/\/pmab.it\/it\/hotels-sind-geschlossen-welche-nutzung-ist-auch-in-der-corona-krise-moeglich\/","title":{"rendered":"Hotels sind geschlossen \u2013 Welche Nutzung ist auch in der Corona-Krise m\u00f6glich?"},"content":{"rendered":"<p>Mit Dringlichkeitsma\u00dfnahme des Landeshauptmanns Nr. 12\/2020 vom 23.03.2020 wurde verordnet, dass alle Produktionst\u00e4tigkeiten der Industrie und des Handels ausgesetzt sind mit Ausnahme jener, die laut Anlage 1 als wesentliche gewerbliche T\u00e4tigkeiten eingestuft sind. Unter diesen wesentlichen T\u00e4tigkeiten befinden sich auch Hotels und \u00e4hnliche Einrichtungen, allerdings mit den in der Verordnung des Landeshauptmanns Nr. 11\/2020 vom 21.03.2020 vorgesehenen Einschr\u00e4nkungen.<\/p>\n<p>Demnach d\u00fcrfen in S\u00fcdtirol befindliche Beherbergungsbetriebe nur jene Personen aufnehmen, welche aufgrund der in den Dekreten des Ministerratspr\u00e4sidenten oder in den geltenden Dringlichkeitsma\u00dfnahmen des LHs zul\u00e4ssigen Gr\u00fcnde in S\u00fcdtirol anwesend sind, oder jene, welche in jenen T\u00e4tigkeiten besch\u00e4ftigt sind, welche von genannten Ma\u00dfnahmen nicht ausgesetzt sind.<\/p>\n<p>F\u00fcr Touristen, Ferieng\u00e4ste, Urlaubsreisende und aus sonstigen Gr\u00fcnden auf dem Landesgebiet anwesende Menschen, die in S\u00fcdtirol nicht ihren Wohnsitz haben, gilt es hingegen zum eigenen Wohnsitz zur\u00fcck zu kehren.<\/p>\n<p>Kurz gesagt: Beherbergungsbetriebe k\u00f6nnen aktuell nur jene G\u00e4ste aufnehmen, die systemrelevante, wesentliche Dienste zur Aufrechterhaltung eines Betriebes leisten. Sollte dies der Fall sein, muss der jeweilige Betrieb dies dem f\u00fcr die Provinz zust\u00e4ndigen Pr\u00e4fekten melden.<\/p>\n<p>Die Bestimmungen der Dringlichkeitsma\u00dfnahme des Landeshauptmanns Nr. 12\/2020 wurden mit Dringlichkeitsma\u00dfnahme des Landeshauptmanns Nr. 16\/2020 vom 02.04.2020 vorl\u00e4ufig bis auf den 13.04.2020 verl\u00e4ngert.<\/p>\n<p>Unsere Kanzlei ist nach wie vor operativ und steht Ihnen gerne mit weiteren Informationen beratend zur Seite.<\/p>\n<p>&nbsp;<\/p>\n","protected":false},"excerpt":{"rendered":"<p>Mit Dringlichkeitsma\u00dfnahme des Landeshauptmanns Nr. 12\/2020 vom 23.03.2020 wurde verordnet, dass alle Produktionst\u00e4tigkeiten der Industrie und des Handels ausgesetzt sind mit Ausnahme jener, die laut Anlage 1 als wesentliche gewerbliche T\u00e4tigkeiten eingestuft sind. Unter diesen wesentlichen T\u00e4tigkeiten befinden sich auch Hotels und \u00e4hnliche Einrichtungen, allerdings mit den in der Verordnung des Landeshauptmanns Nr. 11\/2020 vom [&hellip;]<\/p>\n","protected":false},"author":1,"featured_media":0,"comment_status":"closed","ping_status":"closed","sticky":false,"template":"","format":"standard","meta":{"_acf_changed":false,"footnotes":""},"categories":[1],"tags":[],"class_list":["post-664","post","type-post","status-publish","format-standard","hentry","category-unkategorisiert"],"acf":[],"yoast_head":"<!-- This site is optimized with the Yoast SEO plugin v27.3 - https:\/\/yoast.com\/product\/yoast-seo-wordpress\/ -->\n<title>Studio legale PMAB Bolzano \u2013 News &amp; Stampa \u2013 Hotels sind geschlossen \u2013 Welche Nutzung ist auch in der Corona-Krise m\u00f6glich?<\/title>\n<meta name=\"description\" content=\"Notizie, articoli e comunicati stampa dello studio legale PMAB a Bolzano. Aggiornamenti giuridici e novit\u00e0 dallo studio.\" \/>\n<meta name=\"robots\" content=\"index, follow, max-snippet:-1, max-image-preview:large, max-video-preview:-1\" \/>\n<link rel=\"canonical\" href=\"https:\/\/pmab.it\/it\/hotels-sind-geschlossen-welche-nutzung-ist-auch-in-der-corona-krise-moeglich\/\" \/>\n<meta property=\"og:locale\" content=\"it_IT\" \/>\n<meta property=\"og:type\" content=\"article\" \/>\n<meta property=\"og:title\" content=\"Studio legale PMAB Bolzano \u2013 News &amp; Stampa \u2013 Hotels sind geschlossen \u2013 Welche Nutzung ist auch in der Corona-Krise m\u00f6glich?\" \/>\n<meta property=\"og:description\" content=\"Notizie, articoli e comunicati stampa dello studio legale PMAB a Bolzano. Aggiornamenti giuridici e novit\u00e0 dallo studio.\" \/>\n<meta property=\"og:url\" content=\"https:\/\/pmab.it\/it\/hotels-sind-geschlossen-welche-nutzung-ist-auch-in-der-corona-krise-moeglich\/\" \/>\n<meta property=\"og:site_name\" content=\"PMAB\" \/>\n<meta property=\"article:published_time\" content=\"2020-04-08T08:49:05+00:00\" \/>\n<meta property=\"article:modified_time\" content=\"2025-01-28T15:49:53+00:00\" \/>\n<meta property=\"og:image\" content=\"https:\/\/pmab.it\/wp-content\/uploads\/2025\/02\/pmab-meeting-room-resized.jpg\" \/>\n\t<meta property=\"og:image:width\" content=\"2048\" \/>\n\t<meta property=\"og:image:height\" content=\"1363\" \/>\n\t<meta property=\"og:image:type\" content=\"image\/jpeg\" \/>\n<meta name=\"author\" content=\"Webmaster\" \/>\n<meta name=\"twitter:card\" content=\"summary_large_image\" \/>\n<meta name=\"twitter:label1\" content=\"Scritto da\" \/>\n\t<meta name=\"twitter:data1\" content=\"Webmaster\" \/>\n\t<meta name=\"twitter:label2\" content=\"Tempo di lettura stimato\" \/>\n\t<meta name=\"twitter:data2\" content=\"2 minuti\" \/>\n<script type=\"application\/ld+json\" class=\"yoast-schema-graph\">{\"@context\":\"https:\\\/\\\/schema.org\",\"@graph\":[{\"@type\":\"Article\",\"@id\":\"https:\\\/\\\/pmab.it\\\/it\\\/hotels-sind-geschlossen-welche-nutzung-ist-auch-in-der-corona-krise-moeglich\\\/#article\",\"isPartOf\":{\"@id\":\"https:\\\/\\\/pmab.it\\\/it\\\/hotels-sind-geschlossen-welche-nutzung-ist-auch-in-der-corona-krise-moeglich\\\/\"},\"author\":{\"name\":\"Webmaster\",\"@id\":\"https:\\\/\\\/pmab.it\\\/it\\\/#\\\/schema\\\/person\\\/4253fc53149bb462a2c696ea7c744328\"},\"headline\":\"Hotels sind geschlossen \u2013 Welche Nutzung ist auch in der Corona-Krise m\u00f6glich?\",\"datePublished\":\"2020-04-08T08:49:05+00:00\",\"dateModified\":\"2025-01-28T15:49:53+00:00\",\"mainEntityOfPage\":{\"@id\":\"https:\\\/\\\/pmab.it\\\/it\\\/hotels-sind-geschlossen-welche-nutzung-ist-auch-in-der-corona-krise-moeglich\\\/\"},\"wordCount\":241,\"publisher\":{\"@id\":\"https:\\\/\\\/pmab.it\\\/it\\\/#organization\"},\"articleSection\":[\"Unkategorisiert\"],\"inLanguage\":\"it-IT\"},{\"@type\":\"WebPage\",\"@id\":\"https:\\\/\\\/pmab.it\\\/it\\\/hotels-sind-geschlossen-welche-nutzung-ist-auch-in-der-corona-krise-moeglich\\\/\",\"url\":\"https:\\\/\\\/pmab.it\\\/it\\\/hotels-sind-geschlossen-welche-nutzung-ist-auch-in-der-corona-krise-moeglich\\\/\",\"name\":\"Studio legale PMAB Bolzano \u2013 News & Stampa \u2013 Hotels sind geschlossen \u2013 Welche Nutzung ist auch in der Corona-Krise m\u00f6glich?\",\"isPartOf\":{\"@id\":\"https:\\\/\\\/pmab.it\\\/it\\\/#website\"},\"datePublished\":\"2020-04-08T08:49:05+00:00\",\"dateModified\":\"2025-01-28T15:49:53+00:00\",\"description\":\"Notizie, articoli e comunicati stampa dello studio legale PMAB a Bolzano. Aggiornamenti giuridici e novit\u00e0 dallo studio.\",\"breadcrumb\":{\"@id\":\"https:\\\/\\\/pmab.it\\\/it\\\/hotels-sind-geschlossen-welche-nutzung-ist-auch-in-der-corona-krise-moeglich\\\/#breadcrumb\"},\"inLanguage\":\"it-IT\",\"potentialAction\":[{\"@type\":\"ReadAction\",\"target\":[\"https:\\\/\\\/pmab.it\\\/it\\\/hotels-sind-geschlossen-welche-nutzung-ist-auch-in-der-corona-krise-moeglich\\\/\"]}]},{\"@type\":\"BreadcrumbList\",\"@id\":\"https:\\\/\\\/pmab.it\\\/it\\\/hotels-sind-geschlossen-welche-nutzung-ist-auch-in-der-corona-krise-moeglich\\\/#breadcrumb\",\"itemListElement\":[{\"@type\":\"ListItem\",\"position\":1,\"name\":\"Home\",\"item\":\"https:\\\/\\\/pmab.it\\\/it\\\/\"},{\"@type\":\"ListItem\",\"position\":2,\"name\":\"Hotels sind geschlossen \u2013 Welche Nutzung ist auch in der Corona-Krise m\u00f6glich?\"}]},{\"@type\":\"WebSite\",\"@id\":\"https:\\\/\\\/pmab.it\\\/it\\\/#website\",\"url\":\"https:\\\/\\\/pmab.it\\\/it\\\/\",\"name\":\"PMAB. Anw\u00e4lte Avvocati\",\"description\":\"Lo studio legale PMAB a Bolzano e Merano offre assistenza in diritto civile, di famiglia, del lavoro, societario, amministrativo e tributario.\",\"publisher\":{\"@id\":\"https:\\\/\\\/pmab.it\\\/it\\\/#organization\"},\"alternateName\":\"PMAB - Anwaltskanzlei in Bozen und Meran\",\"potentialAction\":[{\"@type\":\"SearchAction\",\"target\":{\"@type\":\"EntryPoint\",\"urlTemplate\":\"https:\\\/\\\/pmab.it\\\/it\\\/?s={search_term_string}\"},\"query-input\":{\"@type\":\"PropertyValueSpecification\",\"valueRequired\":true,\"valueName\":\"search_term_string\"}}],\"inLanguage\":\"it-IT\"},{\"@type\":\"Organization\",\"@id\":\"https:\\\/\\\/pmab.it\\\/it\\\/#organization\",\"name\":\"PMAB. Anw\u00e4lte Avvocati\",\"url\":\"https:\\\/\\\/pmab.it\\\/it\\\/\",\"logo\":{\"@type\":\"ImageObject\",\"inLanguage\":\"it-IT\",\"@id\":\"https:\\\/\\\/pmab.it\\\/it\\\/#\\\/schema\\\/logo\\\/image\\\/\",\"url\":\"https:\\\/\\\/pmab.it\\\/wp-content\\\/uploads\\\/2024\\\/12\\\/PMAB-anthrazit-large.png\",\"contentUrl\":\"https:\\\/\\\/pmab.it\\\/wp-content\\\/uploads\\\/2024\\\/12\\\/PMAB-anthrazit-large.png\",\"width\":1299,\"height\":319,\"caption\":\"PMAB. Anw\u00e4lte Avvocati\"},\"image\":{\"@id\":\"https:\\\/\\\/pmab.it\\\/it\\\/#\\\/schema\\\/logo\\\/image\\\/\"}},{\"@type\":\"Person\",\"@id\":\"https:\\\/\\\/pmab.it\\\/it\\\/#\\\/schema\\\/person\\\/4253fc53149bb462a2c696ea7c744328\",\"name\":\"Webmaster\",\"image\":{\"@type\":\"ImageObject\",\"inLanguage\":\"it-IT\",\"@id\":\"https:\\\/\\\/secure.gravatar.com\\\/avatar\\\/bfa221db63a615db154bcb5b3b83101c01a68321277aead0e6863b31401c514b?s=96&d=mm&r=g\",\"url\":\"https:\\\/\\\/secure.gravatar.com\\\/avatar\\\/bfa221db63a615db154bcb5b3b83101c01a68321277aead0e6863b31401c514b?s=96&d=mm&r=g\",\"contentUrl\":\"https:\\\/\\\/secure.gravatar.com\\\/avatar\\\/bfa221db63a615db154bcb5b3b83101c01a68321277aead0e6863b31401c514b?s=96&d=mm&r=g\",\"caption\":\"Webmaster\"},\"sameAs\":[\"https:\\\/\\\/pmab.it\"]}]}<\/script>\n<!-- \/ Yoast SEO plugin. -->","yoast_head_json":{"title":"Studio legale PMAB Bolzano \u2013 News & Stampa \u2013 Hotels sind geschlossen \u2013 Welche Nutzung ist auch in der Corona-Krise m\u00f6glich?","description":"Notizie, articoli e comunicati stampa dello studio legale PMAB a Bolzano. Aggiornamenti giuridici e novit\u00e0 dallo studio.","robots":{"index":"index","follow":"follow","max-snippet":"max-snippet:-1","max-image-preview":"max-image-preview:large","max-video-preview":"max-video-preview:-1"},"canonical":"https:\/\/pmab.it\/it\/hotels-sind-geschlossen-welche-nutzung-ist-auch-in-der-corona-krise-moeglich\/","og_locale":"it_IT","og_type":"article","og_title":"Studio legale PMAB Bolzano \u2013 News & Stampa \u2013 Hotels sind geschlossen \u2013 Welche Nutzung ist auch in der Corona-Krise m\u00f6glich?","og_description":"Notizie, articoli e comunicati stampa dello studio legale PMAB a Bolzano. Aggiornamenti giuridici e novit\u00e0 dallo studio.","og_url":"https:\/\/pmab.it\/it\/hotels-sind-geschlossen-welche-nutzung-ist-auch-in-der-corona-krise-moeglich\/","og_site_name":"PMAB","article_published_time":"2020-04-08T08:49:05+00:00","article_modified_time":"2025-01-28T15:49:53+00:00","og_image":[{"width":2048,"height":1363,"url":"https:\/\/pmab.it\/wp-content\/uploads\/2025\/02\/pmab-meeting-room-resized.jpg","type":"image\/jpeg"}],"author":"Webmaster","twitter_card":"summary_large_image","twitter_misc":{"Scritto da":"Webmaster","Tempo di lettura stimato":"2 minuti"},"schema":{"@context":"https:\/\/schema.org","@graph":[{"@type":"Article","@id":"https:\/\/pmab.it\/it\/hotels-sind-geschlossen-welche-nutzung-ist-auch-in-der-corona-krise-moeglich\/#article","isPartOf":{"@id":"https:\/\/pmab.it\/it\/hotels-sind-geschlossen-welche-nutzung-ist-auch-in-der-corona-krise-moeglich\/"},"author":{"name":"Webmaster","@id":"https:\/\/pmab.it\/it\/#\/schema\/person\/4253fc53149bb462a2c696ea7c744328"},"headline":"Hotels sind geschlossen \u2013 Welche Nutzung ist auch in der Corona-Krise m\u00f6glich?","datePublished":"2020-04-08T08:49:05+00:00","dateModified":"2025-01-28T15:49:53+00:00","mainEntityOfPage":{"@id":"https:\/\/pmab.it\/it\/hotels-sind-geschlossen-welche-nutzung-ist-auch-in-der-corona-krise-moeglich\/"},"wordCount":241,"publisher":{"@id":"https:\/\/pmab.it\/it\/#organization"},"articleSection":["Unkategorisiert"],"inLanguage":"it-IT"},{"@type":"WebPage","@id":"https:\/\/pmab.it\/it\/hotels-sind-geschlossen-welche-nutzung-ist-auch-in-der-corona-krise-moeglich\/","url":"https:\/\/pmab.it\/it\/hotels-sind-geschlossen-welche-nutzung-ist-auch-in-der-corona-krise-moeglich\/","name":"Studio legale PMAB Bolzano \u2013 News & Stampa \u2013 Hotels sind geschlossen \u2013 Welche Nutzung ist auch in der Corona-Krise m\u00f6glich?","isPartOf":{"@id":"https:\/\/pmab.it\/it\/#website"},"datePublished":"2020-04-08T08:49:05+00:00","dateModified":"2025-01-28T15:49:53+00:00","description":"Notizie, articoli e comunicati stampa dello studio legale PMAB a Bolzano. Aggiornamenti giuridici e novit\u00e0 dallo studio.","breadcrumb":{"@id":"https:\/\/pmab.it\/it\/hotels-sind-geschlossen-welche-nutzung-ist-auch-in-der-corona-krise-moeglich\/#breadcrumb"},"inLanguage":"it-IT","potentialAction":[{"@type":"ReadAction","target":["https:\/\/pmab.it\/it\/hotels-sind-geschlossen-welche-nutzung-ist-auch-in-der-corona-krise-moeglich\/"]}]},{"@type":"BreadcrumbList","@id":"https:\/\/pmab.it\/it\/hotels-sind-geschlossen-welche-nutzung-ist-auch-in-der-corona-krise-moeglich\/#breadcrumb","itemListElement":[{"@type":"ListItem","position":1,"name":"Home","item":"https:\/\/pmab.it\/it\/"},{"@type":"ListItem","position":2,"name":"Hotels sind geschlossen \u2013 Welche Nutzung ist auch in der Corona-Krise m\u00f6glich?"}]},{"@type":"WebSite","@id":"https:\/\/pmab.it\/it\/#website","url":"https:\/\/pmab.it\/it\/","name":"PMAB. Anw\u00e4lte Avvocati","description":"Lo studio legale PMAB a Bolzano e Merano offre assistenza in diritto civile, di famiglia, del lavoro, societario, amministrativo e tributario.","publisher":{"@id":"https:\/\/pmab.it\/it\/#organization"},"alternateName":"PMAB - Anwaltskanzlei in Bozen und Meran","potentialAction":[{"@type":"SearchAction","target":{"@type":"EntryPoint","urlTemplate":"https:\/\/pmab.it\/it\/?s={search_term_string}"},"query-input":{"@type":"PropertyValueSpecification","valueRequired":true,"valueName":"search_term_string"}}],"inLanguage":"it-IT"},{"@type":"Organization","@id":"https:\/\/pmab.it\/it\/#organization","name":"PMAB. Anw\u00e4lte Avvocati","url":"https:\/\/pmab.it\/it\/","logo":{"@type":"ImageObject","inLanguage":"it-IT","@id":"https:\/\/pmab.it\/it\/#\/schema\/logo\/image\/","url":"https:\/\/pmab.it\/wp-content\/uploads\/2024\/12\/PMAB-anthrazit-large.png","contentUrl":"https:\/\/pmab.it\/wp-content\/uploads\/2024\/12\/PMAB-anthrazit-large.png","width":1299,"height":319,"caption":"PMAB. Anw\u00e4lte Avvocati"},"image":{"@id":"https:\/\/pmab.it\/it\/#\/schema\/logo\/image\/"}},{"@type":"Person","@id":"https:\/\/pmab.it\/it\/#\/schema\/person\/4253fc53149bb462a2c696ea7c744328","name":"Webmaster","image":{"@type":"ImageObject","inLanguage":"it-IT","@id":"https:\/\/secure.gravatar.com\/avatar\/bfa221db63a615db154bcb5b3b83101c01a68321277aead0e6863b31401c514b?s=96&d=mm&r=g","url":"https:\/\/secure.gravatar.com\/avatar\/bfa221db63a615db154bcb5b3b83101c01a68321277aead0e6863b31401c514b?s=96&d=mm&r=g","contentUrl":"https:\/\/secure.gravatar.com\/avatar\/bfa221db63a615db154bcb5b3b83101c01a68321277aead0e6863b31401c514b?s=96&d=mm&r=g","caption":"Webmaster"},"sameAs":["https:\/\/pmab.it"]}]}},"_links":{"self":[{"href":"https:\/\/pmab.it\/it\/wp-json\/wp\/v2\/posts\/664","targetHints":{"allow":["GET"]}}],"collection":[{"href":"https:\/\/pmab.it\/it\/wp-json\/wp\/v2\/posts"}],"about":[{"href":"https:\/\/pmab.it\/it\/wp-json\/wp\/v2\/types\/post"}],"author":[{"embeddable":true,"href":"https:\/\/pmab.it\/it\/wp-json\/wp\/v2\/users\/1"}],"replies":[{"embeddable":true,"href":"https:\/\/pmab.it\/it\/wp-json\/wp\/v2\/comments?post=664"}],"version-history":[{"count":0,"href":"https:\/\/pmab.it\/it\/wp-json\/wp\/v2\/posts\/664\/revisions"}],"wp:attachment":[{"href":"https:\/\/pmab.it\/it\/wp-json\/wp\/v2\/media?parent=664"}],"wp:term":[{"taxonomy":"category","embeddable":true,"href":"https:\/\/pmab.it\/it\/wp-json\/wp\/v2\/categories?post=664"},{"taxonomy":"post_tag","embeddable":true,"href":"https:\/\/pmab.it\/it\/wp-json\/wp\/v2\/tags?post=664"}],"curies":[{"name":"wp","href":"https:\/\/api.w.org\/{rel}","templated":true}]}}