{"id":716,"date":"2019-01-18T11:31:56","date_gmt":"2019-01-18T10:31:56","guid":{"rendered":"https:\/\/pmab.it\/?p=716"},"modified":"2025-01-28T16:49:16","modified_gmt":"2025-01-28T15:49:16","slug":"vor-inkrafttreten-des-progressiven-kuendigungsschutzes-g-v-d-nr-23-2015-unrechtmaessig-begruendetes-befristetes-arbeitsverhaeltnis","status":"publish","type":"post","link":"https:\/\/pmab.it\/it\/vor-inkrafttreten-des-progressiven-kuendigungsschutzes-g-v-d-nr-23-2015-unrechtmaessig-begruendetes-befristetes-arbeitsverhaeltnis\/","title":{"rendered":"Vor Inkrafttreten des progressiven K\u00fcndigungsschutzes (G.v.D. Nr. 23\/2015) unrechtm\u00e4\u00dfig begr\u00fcndetes befristetes Arbeitsverh\u00e4ltnis"},"content":{"rendered":"<p>Bekanntlich greift f\u00fcr jene Arbeitnehmer, welche nach Inkrafttreten des G.v.D. Nr. 23\/2015 am 07.03.2015 mit unbefristetem Arbeitsvertrag angestellt wurden, der progressive K\u00fcndigungsschutz (tutele crescenti) an Stelle der bisherigen Schutzbestimmungen gem\u00e4\u00df Art. 18 des Arbeiterstatuts.<\/p>\n<p>Bekanntlich greift f\u00fcr jene Arbeitnehmer, welche nach Inkrafttreten des G.v.D. Nr. 23\/2015 am 07.03.2015 mit unbefristetem Arbeitsvertrag angestellt wurden, der progressive K\u00fcndigungsschutz (tutele crescenti) an Stelle der bisherigen Schutzbestimmungen gem\u00e4\u00df Art. 18 des Arbeiterstatuts. Der progressive K\u00fcndigungsschutz greift auch im Falle der Umdeutung, nach Inkrafttreten des genannten Dekrets, eines befristeten Arbeitsverh\u00e4ltnisses in ein unbefristetes (Art. 1, Abs. 2, G.v.D. Nr. 23\/2015).<\/p>\n<p>Mit Urteil Nr. 383 vom 18.02.2019 hat das Landesgericht Parma diese Bestimmung nun dahingehend ausgelegt, dass die Umdeutung des befristeten Arbeitsverh\u00e4ltnisses, um dem progressiven K\u00fcndigungsschutz zu unterliegen, zwischen den Parteien vertraglich vereinbart werden muss und somit das Arbeitsverh\u00e4ltnis ab diesem Zeitpunkt einvernehmlich unbefristet fortbestehen muss.<\/p>\n<p>Laut dem Landesgericht Parma findet der progressive K\u00fcndigungsschutz hingegen nicht auch auf jene Vertragsumwandlungen Anwendung, die von Seiten des Richters in den vom Gesetz vorgesehenen F\u00e4llen in einem vom Arbeitnehmer initiierten Verfahren verf\u00fcgt wurden.<\/p>\n<p>Die in einem solchen Verfahren richterlich verf\u00fcgte Umwidmung eines unrechtm\u00e4\u00dfig begr\u00fcndeten befristeten Arbeitsverh\u00e4ltnisses hat n\u00e4mlich die r\u00fcckwirkende Begr\u00fcndung eines unbefristeten Arbeitsverh\u00e4ltnisses zum Datum der Unterfertigung des urspr\u00fcnglichen Arbeitsvertrages (welcher im Anlassfall vor Inkrafttreten des G.v.D. 23\/2015 im M\u00e4rz 2015 unterzeichnet wurde) zur Folge.<\/p>\n<p>Daraus ergibt sich, dass in letzteren F\u00e4llen weiterhin der K\u00fcndigungsschutz gem\u00e4\u00df Art. 18 des Arbeiterstatuts gew\u00e4hrleistet wird.<\/p>\n<p>Im Anlassfall hat das Landesgericht Parma, nach Feststellung der Nichtigkeit der Befristungsklausel wegen Versto\u00df gegen zwingende Vorschriften, die gerichtliche Umwandlung des befristeten Arbeitsverh\u00e4ltnisses in ein unbefristetes verf\u00fcgt und in der Folge dem Arbeitnehmer den K\u00fcndigungsschutz laut Art. 18 des Arbeiterstatuts zugesprochen<\/p>\n","protected":false},"excerpt":{"rendered":"<p>Bekanntlich greift f\u00fcr jene Arbeitnehmer, welche nach Inkrafttreten des G.v.D. Nr. 23\/2015 am 07.03.2015 mit unbefristetem Arbeitsvertrag angestellt wurden, der progressive K\u00fcndigungsschutz (tutele crescenti) an Stelle der bisherigen Schutzbestimmungen gem\u00e4\u00df Art. 18 des Arbeiterstatuts. Bekanntlich greift f\u00fcr jene Arbeitnehmer, welche nach Inkrafttreten des G.v.D. Nr. 23\/2015 am 07.03.2015 mit unbefristetem Arbeitsvertrag angestellt wurden, der progressive [&hellip;]<\/p>\n","protected":false},"author":1,"featured_media":0,"comment_status":"closed","ping_status":"closed","sticky":false,"template":"","format":"standard","meta":{"_acf_changed":false,"footnotes":""},"categories":[1],"tags":[],"class_list":["post-716","post","type-post","status-publish","format-standard","hentry","category-unkategorisiert"],"acf":[],"yoast_head":"<!-- This site is optimized with the Yoast SEO plugin v27.3 - https:\/\/yoast.com\/product\/yoast-seo-wordpress\/ -->\n<title>Studio legale PMAB Bolzano \u2013 News &amp; Stampa \u2013 Vor Inkrafttreten des progressiven K\u00fcndigungsschutzes (G.v.D. Nr. 23\/2015) unrechtm\u00e4\u00dfig begr\u00fcndetes befristetes Arbeitsverh\u00e4ltnis<\/title>\n<meta name=\"description\" content=\"Notizie, articoli e comunicati stampa dello studio legale PMAB a Bolzano. Aggiornamenti giuridici e novit\u00e0 dallo studio.\" \/>\n<meta name=\"robots\" content=\"index, follow, max-snippet:-1, max-image-preview:large, max-video-preview:-1\" \/>\n<link rel=\"canonical\" href=\"https:\/\/pmab.it\/it\/vor-inkrafttreten-des-progressiven-kuendigungsschutzes-g-v-d-nr-23-2015-unrechtmaessig-begruendetes-befristetes-arbeitsverhaeltnis\/\" \/>\n<meta property=\"og:locale\" content=\"it_IT\" \/>\n<meta property=\"og:type\" content=\"article\" \/>\n<meta property=\"og:title\" content=\"Studio legale PMAB Bolzano \u2013 News &amp; Stampa \u2013 Vor Inkrafttreten des progressiven K\u00fcndigungsschutzes (G.v.D. Nr. 23\/2015) unrechtm\u00e4\u00dfig begr\u00fcndetes befristetes Arbeitsverh\u00e4ltnis\" \/>\n<meta property=\"og:description\" content=\"Notizie, articoli e comunicati stampa dello studio legale PMAB a Bolzano. Aggiornamenti giuridici e novit\u00e0 dallo studio.\" \/>\n<meta property=\"og:url\" content=\"https:\/\/pmab.it\/it\/vor-inkrafttreten-des-progressiven-kuendigungsschutzes-g-v-d-nr-23-2015-unrechtmaessig-begruendetes-befristetes-arbeitsverhaeltnis\/\" \/>\n<meta property=\"og:site_name\" content=\"PMAB\" \/>\n<meta property=\"article:published_time\" content=\"2019-01-18T10:31:56+00:00\" \/>\n<meta property=\"article:modified_time\" content=\"2025-01-28T15:49:16+00:00\" \/>\n<meta property=\"og:image\" content=\"https:\/\/pmab.it\/wp-content\/uploads\/2025\/02\/pmab-meeting-room-resized.jpg\" \/>\n\t<meta property=\"og:image:width\" content=\"2048\" \/>\n\t<meta property=\"og:image:height\" content=\"1363\" \/>\n\t<meta property=\"og:image:type\" content=\"image\/jpeg\" \/>\n<meta name=\"author\" content=\"Webmaster\" \/>\n<meta name=\"twitter:card\" content=\"summary_large_image\" \/>\n<meta name=\"twitter:label1\" content=\"Scritto da\" \/>\n\t<meta name=\"twitter:data1\" content=\"Webmaster\" \/>\n\t<meta name=\"twitter:label2\" content=\"Tempo di lettura stimato\" \/>\n\t<meta name=\"twitter:data2\" content=\"2 minuti\" \/>\n<script type=\"application\/ld+json\" class=\"yoast-schema-graph\">{\"@context\":\"https:\\\/\\\/schema.org\",\"@graph\":[{\"@type\":\"Article\",\"@id\":\"https:\\\/\\\/pmab.it\\\/it\\\/vor-inkrafttreten-des-progressiven-kuendigungsschutzes-g-v-d-nr-23-2015-unrechtmaessig-begruendetes-befristetes-arbeitsverhaeltnis\\\/#article\",\"isPartOf\":{\"@id\":\"https:\\\/\\\/pmab.it\\\/it\\\/vor-inkrafttreten-des-progressiven-kuendigungsschutzes-g-v-d-nr-23-2015-unrechtmaessig-begruendetes-befristetes-arbeitsverhaeltnis\\\/\"},\"author\":{\"name\":\"Webmaster\",\"@id\":\"https:\\\/\\\/pmab.it\\\/it\\\/#\\\/schema\\\/person\\\/4253fc53149bb462a2c696ea7c744328\"},\"headline\":\"Vor Inkrafttreten des progressiven K\u00fcndigungsschutzes (G.v.D. Nr. 23\\\/2015) unrechtm\u00e4\u00dfig begr\u00fcndetes befristetes Arbeitsverh\u00e4ltnis\",\"datePublished\":\"2019-01-18T10:31:56+00:00\",\"dateModified\":\"2025-01-28T15:49:16+00:00\",\"mainEntityOfPage\":{\"@id\":\"https:\\\/\\\/pmab.it\\\/it\\\/vor-inkrafttreten-des-progressiven-kuendigungsschutzes-g-v-d-nr-23-2015-unrechtmaessig-begruendetes-befristetes-arbeitsverhaeltnis\\\/\"},\"wordCount\":313,\"publisher\":{\"@id\":\"https:\\\/\\\/pmab.it\\\/it\\\/#organization\"},\"articleSection\":[\"Unkategorisiert\"],\"inLanguage\":\"it-IT\"},{\"@type\":\"WebPage\",\"@id\":\"https:\\\/\\\/pmab.it\\\/it\\\/vor-inkrafttreten-des-progressiven-kuendigungsschutzes-g-v-d-nr-23-2015-unrechtmaessig-begruendetes-befristetes-arbeitsverhaeltnis\\\/\",\"url\":\"https:\\\/\\\/pmab.it\\\/it\\\/vor-inkrafttreten-des-progressiven-kuendigungsschutzes-g-v-d-nr-23-2015-unrechtmaessig-begruendetes-befristetes-arbeitsverhaeltnis\\\/\",\"name\":\"Studio legale PMAB Bolzano \u2013 News & Stampa \u2013 Vor Inkrafttreten des progressiven K\u00fcndigungsschutzes (G.v.D. Nr. 23\\\/2015) unrechtm\u00e4\u00dfig begr\u00fcndetes befristetes Arbeitsverh\u00e4ltnis\",\"isPartOf\":{\"@id\":\"https:\\\/\\\/pmab.it\\\/it\\\/#website\"},\"datePublished\":\"2019-01-18T10:31:56+00:00\",\"dateModified\":\"2025-01-28T15:49:16+00:00\",\"description\":\"Notizie, articoli e comunicati stampa dello studio legale PMAB a Bolzano. Aggiornamenti giuridici e novit\u00e0 dallo studio.\",\"breadcrumb\":{\"@id\":\"https:\\\/\\\/pmab.it\\\/it\\\/vor-inkrafttreten-des-progressiven-kuendigungsschutzes-g-v-d-nr-23-2015-unrechtmaessig-begruendetes-befristetes-arbeitsverhaeltnis\\\/#breadcrumb\"},\"inLanguage\":\"it-IT\",\"potentialAction\":[{\"@type\":\"ReadAction\",\"target\":[\"https:\\\/\\\/pmab.it\\\/it\\\/vor-inkrafttreten-des-progressiven-kuendigungsschutzes-g-v-d-nr-23-2015-unrechtmaessig-begruendetes-befristetes-arbeitsverhaeltnis\\\/\"]}]},{\"@type\":\"BreadcrumbList\",\"@id\":\"https:\\\/\\\/pmab.it\\\/it\\\/vor-inkrafttreten-des-progressiven-kuendigungsschutzes-g-v-d-nr-23-2015-unrechtmaessig-begruendetes-befristetes-arbeitsverhaeltnis\\\/#breadcrumb\",\"itemListElement\":[{\"@type\":\"ListItem\",\"position\":1,\"name\":\"Home\",\"item\":\"https:\\\/\\\/pmab.it\\\/it\\\/\"},{\"@type\":\"ListItem\",\"position\":2,\"name\":\"Vor Inkrafttreten des progressiven K\u00fcndigungsschutzes (G.v.D. Nr. 23\\\/2015) unrechtm\u00e4\u00dfig begr\u00fcndetes befristetes Arbeitsverh\u00e4ltnis\"}]},{\"@type\":\"WebSite\",\"@id\":\"https:\\\/\\\/pmab.it\\\/it\\\/#website\",\"url\":\"https:\\\/\\\/pmab.it\\\/it\\\/\",\"name\":\"PMAB. Anw\u00e4lte Avvocati\",\"description\":\"Lo studio legale PMAB a Bolzano e Merano offre assistenza in diritto civile, di famiglia, del lavoro, societario, amministrativo e tributario.\",\"publisher\":{\"@id\":\"https:\\\/\\\/pmab.it\\\/it\\\/#organization\"},\"alternateName\":\"PMAB - Anwaltskanzlei in Bozen und Meran\",\"potentialAction\":[{\"@type\":\"SearchAction\",\"target\":{\"@type\":\"EntryPoint\",\"urlTemplate\":\"https:\\\/\\\/pmab.it\\\/it\\\/?s={search_term_string}\"},\"query-input\":{\"@type\":\"PropertyValueSpecification\",\"valueRequired\":true,\"valueName\":\"search_term_string\"}}],\"inLanguage\":\"it-IT\"},{\"@type\":\"Organization\",\"@id\":\"https:\\\/\\\/pmab.it\\\/it\\\/#organization\",\"name\":\"PMAB. Anw\u00e4lte Avvocati\",\"url\":\"https:\\\/\\\/pmab.it\\\/it\\\/\",\"logo\":{\"@type\":\"ImageObject\",\"inLanguage\":\"it-IT\",\"@id\":\"https:\\\/\\\/pmab.it\\\/it\\\/#\\\/schema\\\/logo\\\/image\\\/\",\"url\":\"https:\\\/\\\/pmab.it\\\/wp-content\\\/uploads\\\/2024\\\/12\\\/PMAB-anthrazit-large.png\",\"contentUrl\":\"https:\\\/\\\/pmab.it\\\/wp-content\\\/uploads\\\/2024\\\/12\\\/PMAB-anthrazit-large.png\",\"width\":1299,\"height\":319,\"caption\":\"PMAB. Anw\u00e4lte Avvocati\"},\"image\":{\"@id\":\"https:\\\/\\\/pmab.it\\\/it\\\/#\\\/schema\\\/logo\\\/image\\\/\"}},{\"@type\":\"Person\",\"@id\":\"https:\\\/\\\/pmab.it\\\/it\\\/#\\\/schema\\\/person\\\/4253fc53149bb462a2c696ea7c744328\",\"name\":\"Webmaster\",\"image\":{\"@type\":\"ImageObject\",\"inLanguage\":\"it-IT\",\"@id\":\"https:\\\/\\\/secure.gravatar.com\\\/avatar\\\/bfa221db63a615db154bcb5b3b83101c01a68321277aead0e6863b31401c514b?s=96&d=mm&r=g\",\"url\":\"https:\\\/\\\/secure.gravatar.com\\\/avatar\\\/bfa221db63a615db154bcb5b3b83101c01a68321277aead0e6863b31401c514b?s=96&d=mm&r=g\",\"contentUrl\":\"https:\\\/\\\/secure.gravatar.com\\\/avatar\\\/bfa221db63a615db154bcb5b3b83101c01a68321277aead0e6863b31401c514b?s=96&d=mm&r=g\",\"caption\":\"Webmaster\"},\"sameAs\":[\"https:\\\/\\\/pmab.it\"]}]}<\/script>\n<!-- \/ Yoast SEO plugin. -->","yoast_head_json":{"title":"Studio legale PMAB Bolzano \u2013 News & Stampa \u2013 Vor Inkrafttreten des progressiven K\u00fcndigungsschutzes (G.v.D. Nr. 23\/2015) unrechtm\u00e4\u00dfig begr\u00fcndetes befristetes Arbeitsverh\u00e4ltnis","description":"Notizie, articoli e comunicati stampa dello studio legale PMAB a Bolzano. Aggiornamenti giuridici e novit\u00e0 dallo studio.","robots":{"index":"index","follow":"follow","max-snippet":"max-snippet:-1","max-image-preview":"max-image-preview:large","max-video-preview":"max-video-preview:-1"},"canonical":"https:\/\/pmab.it\/it\/vor-inkrafttreten-des-progressiven-kuendigungsschutzes-g-v-d-nr-23-2015-unrechtmaessig-begruendetes-befristetes-arbeitsverhaeltnis\/","og_locale":"it_IT","og_type":"article","og_title":"Studio legale PMAB Bolzano \u2013 News & Stampa \u2013 Vor Inkrafttreten des progressiven K\u00fcndigungsschutzes (G.v.D. Nr. 23\/2015) unrechtm\u00e4\u00dfig begr\u00fcndetes befristetes Arbeitsverh\u00e4ltnis","og_description":"Notizie, articoli e comunicati stampa dello studio legale PMAB a Bolzano. Aggiornamenti giuridici e novit\u00e0 dallo studio.","og_url":"https:\/\/pmab.it\/it\/vor-inkrafttreten-des-progressiven-kuendigungsschutzes-g-v-d-nr-23-2015-unrechtmaessig-begruendetes-befristetes-arbeitsverhaeltnis\/","og_site_name":"PMAB","article_published_time":"2019-01-18T10:31:56+00:00","article_modified_time":"2025-01-28T15:49:16+00:00","og_image":[{"width":2048,"height":1363,"url":"https:\/\/pmab.it\/wp-content\/uploads\/2025\/02\/pmab-meeting-room-resized.jpg","type":"image\/jpeg"}],"author":"Webmaster","twitter_card":"summary_large_image","twitter_misc":{"Scritto da":"Webmaster","Tempo di lettura stimato":"2 minuti"},"schema":{"@context":"https:\/\/schema.org","@graph":[{"@type":"Article","@id":"https:\/\/pmab.it\/it\/vor-inkrafttreten-des-progressiven-kuendigungsschutzes-g-v-d-nr-23-2015-unrechtmaessig-begruendetes-befristetes-arbeitsverhaeltnis\/#article","isPartOf":{"@id":"https:\/\/pmab.it\/it\/vor-inkrafttreten-des-progressiven-kuendigungsschutzes-g-v-d-nr-23-2015-unrechtmaessig-begruendetes-befristetes-arbeitsverhaeltnis\/"},"author":{"name":"Webmaster","@id":"https:\/\/pmab.it\/it\/#\/schema\/person\/4253fc53149bb462a2c696ea7c744328"},"headline":"Vor Inkrafttreten des progressiven K\u00fcndigungsschutzes (G.v.D. Nr. 23\/2015) unrechtm\u00e4\u00dfig begr\u00fcndetes befristetes Arbeitsverh\u00e4ltnis","datePublished":"2019-01-18T10:31:56+00:00","dateModified":"2025-01-28T15:49:16+00:00","mainEntityOfPage":{"@id":"https:\/\/pmab.it\/it\/vor-inkrafttreten-des-progressiven-kuendigungsschutzes-g-v-d-nr-23-2015-unrechtmaessig-begruendetes-befristetes-arbeitsverhaeltnis\/"},"wordCount":313,"publisher":{"@id":"https:\/\/pmab.it\/it\/#organization"},"articleSection":["Unkategorisiert"],"inLanguage":"it-IT"},{"@type":"WebPage","@id":"https:\/\/pmab.it\/it\/vor-inkrafttreten-des-progressiven-kuendigungsschutzes-g-v-d-nr-23-2015-unrechtmaessig-begruendetes-befristetes-arbeitsverhaeltnis\/","url":"https:\/\/pmab.it\/it\/vor-inkrafttreten-des-progressiven-kuendigungsschutzes-g-v-d-nr-23-2015-unrechtmaessig-begruendetes-befristetes-arbeitsverhaeltnis\/","name":"Studio legale PMAB Bolzano \u2013 News & Stampa \u2013 Vor Inkrafttreten des progressiven K\u00fcndigungsschutzes (G.v.D. Nr. 23\/2015) unrechtm\u00e4\u00dfig begr\u00fcndetes befristetes Arbeitsverh\u00e4ltnis","isPartOf":{"@id":"https:\/\/pmab.it\/it\/#website"},"datePublished":"2019-01-18T10:31:56+00:00","dateModified":"2025-01-28T15:49:16+00:00","description":"Notizie, articoli e comunicati stampa dello studio legale PMAB a Bolzano. Aggiornamenti giuridici e novit\u00e0 dallo studio.","breadcrumb":{"@id":"https:\/\/pmab.it\/it\/vor-inkrafttreten-des-progressiven-kuendigungsschutzes-g-v-d-nr-23-2015-unrechtmaessig-begruendetes-befristetes-arbeitsverhaeltnis\/#breadcrumb"},"inLanguage":"it-IT","potentialAction":[{"@type":"ReadAction","target":["https:\/\/pmab.it\/it\/vor-inkrafttreten-des-progressiven-kuendigungsschutzes-g-v-d-nr-23-2015-unrechtmaessig-begruendetes-befristetes-arbeitsverhaeltnis\/"]}]},{"@type":"BreadcrumbList","@id":"https:\/\/pmab.it\/it\/vor-inkrafttreten-des-progressiven-kuendigungsschutzes-g-v-d-nr-23-2015-unrechtmaessig-begruendetes-befristetes-arbeitsverhaeltnis\/#breadcrumb","itemListElement":[{"@type":"ListItem","position":1,"name":"Home","item":"https:\/\/pmab.it\/it\/"},{"@type":"ListItem","position":2,"name":"Vor Inkrafttreten des progressiven K\u00fcndigungsschutzes (G.v.D. Nr. 23\/2015) unrechtm\u00e4\u00dfig begr\u00fcndetes befristetes Arbeitsverh\u00e4ltnis"}]},{"@type":"WebSite","@id":"https:\/\/pmab.it\/it\/#website","url":"https:\/\/pmab.it\/it\/","name":"PMAB. Anw\u00e4lte Avvocati","description":"Lo studio legale PMAB a Bolzano e Merano offre assistenza in diritto civile, di famiglia, del lavoro, societario, amministrativo e tributario.","publisher":{"@id":"https:\/\/pmab.it\/it\/#organization"},"alternateName":"PMAB - Anwaltskanzlei in Bozen und Meran","potentialAction":[{"@type":"SearchAction","target":{"@type":"EntryPoint","urlTemplate":"https:\/\/pmab.it\/it\/?s={search_term_string}"},"query-input":{"@type":"PropertyValueSpecification","valueRequired":true,"valueName":"search_term_string"}}],"inLanguage":"it-IT"},{"@type":"Organization","@id":"https:\/\/pmab.it\/it\/#organization","name":"PMAB. Anw\u00e4lte Avvocati","url":"https:\/\/pmab.it\/it\/","logo":{"@type":"ImageObject","inLanguage":"it-IT","@id":"https:\/\/pmab.it\/it\/#\/schema\/logo\/image\/","url":"https:\/\/pmab.it\/wp-content\/uploads\/2024\/12\/PMAB-anthrazit-large.png","contentUrl":"https:\/\/pmab.it\/wp-content\/uploads\/2024\/12\/PMAB-anthrazit-large.png","width":1299,"height":319,"caption":"PMAB. Anw\u00e4lte Avvocati"},"image":{"@id":"https:\/\/pmab.it\/it\/#\/schema\/logo\/image\/"}},{"@type":"Person","@id":"https:\/\/pmab.it\/it\/#\/schema\/person\/4253fc53149bb462a2c696ea7c744328","name":"Webmaster","image":{"@type":"ImageObject","inLanguage":"it-IT","@id":"https:\/\/secure.gravatar.com\/avatar\/bfa221db63a615db154bcb5b3b83101c01a68321277aead0e6863b31401c514b?s=96&d=mm&r=g","url":"https:\/\/secure.gravatar.com\/avatar\/bfa221db63a615db154bcb5b3b83101c01a68321277aead0e6863b31401c514b?s=96&d=mm&r=g","contentUrl":"https:\/\/secure.gravatar.com\/avatar\/bfa221db63a615db154bcb5b3b83101c01a68321277aead0e6863b31401c514b?s=96&d=mm&r=g","caption":"Webmaster"},"sameAs":["https:\/\/pmab.it"]}]}},"_links":{"self":[{"href":"https:\/\/pmab.it\/it\/wp-json\/wp\/v2\/posts\/716","targetHints":{"allow":["GET"]}}],"collection":[{"href":"https:\/\/pmab.it\/it\/wp-json\/wp\/v2\/posts"}],"about":[{"href":"https:\/\/pmab.it\/it\/wp-json\/wp\/v2\/types\/post"}],"author":[{"embeddable":true,"href":"https:\/\/pmab.it\/it\/wp-json\/wp\/v2\/users\/1"}],"replies":[{"embeddable":true,"href":"https:\/\/pmab.it\/it\/wp-json\/wp\/v2\/comments?post=716"}],"version-history":[{"count":0,"href":"https:\/\/pmab.it\/it\/wp-json\/wp\/v2\/posts\/716\/revisions"}],"wp:attachment":[{"href":"https:\/\/pmab.it\/it\/wp-json\/wp\/v2\/media?parent=716"}],"wp:term":[{"taxonomy":"category","embeddable":true,"href":"https:\/\/pmab.it\/it\/wp-json\/wp\/v2\/categories?post=716"},{"taxonomy":"post_tag","embeddable":true,"href":"https:\/\/pmab.it\/it\/wp-json\/wp\/v2\/tags?post=716"}],"curies":[{"name":"wp","href":"https:\/\/api.w.org\/{rel}","templated":true}]}}