{"id":907,"date":"2020-04-16T17:25:06","date_gmt":"2020-04-16T15:25:06","guid":{"rendered":"https:\/\/pmab.it\/?p=907"},"modified":"2025-01-28T17:25:17","modified_gmt":"2025-01-28T16:25:17","slug":"sport-und-koerperliche-aktivitaet-ra-alexander-bauer-steht-dazu-im-heutigen-mittagsmagazin-der-rai-suedtirol-rede-und-antwort","status":"publish","type":"post","link":"https:\/\/pmab.it\/it\/sport-und-koerperliche-aktivitaet-ra-alexander-bauer-steht-dazu-im-heutigen-mittagsmagazin-der-rai-suedtirol-rede-und-antwort\/","title":{"rendered":"Sport und k\u00f6rperliche Aktivit\u00e4t \/ RA Alexander Bauer steht dazu im heutigen Mittagsmagazin der RAI S\u00fcdtirol Rede und Antwort"},"content":{"rendered":"<p>Die Verordnung des Bozner B\u00fcrgermeisters Renzo Caramaschi, welche vorsieht, dass Sport und k\u00f6rperliche Aktivit\u00e4t nun bis zu maximal 400 Meter von zu Hause entfernt erfolgen kann, ist viel diskutiert. Insbesondere weil man sich im restlichen S\u00fcdtirol nach der Dringlichkeitsma\u00dfnahme des Landeshauptmannes Nr 20\/2020 zu Fu\u00df frei bewegen kann.<\/p>\n<p>Ist die Verordnung von B\u00fcrgermeister Caramaschi nun rechtm\u00e4\u00dfig oder nicht? Unser Partner\u00a0<a href=\"https:\/\/pmab.it\/kanzlei\/ra-alexander-bauer\/\" target=\"_blank\" rel=\"noopener\">Alexander Bauer<\/a>\u00a0steht dazu im heutigen Mittagsmagazin der RAI S\u00fcdtirol Rede und Antwort (Interview ab Minute 13.00).<\/p>\n<p><a href=\"http:\/\/www.raibz.rai.it\/podcast\/deu\/mittagsmagazin\/mittagsmagazin.xml\">http:\/\/www.raibz.rai.it\/podcast\/deu\/mittagsmagazin\/mittagsmagazin.xml<\/a><\/p>\n","protected":false},"excerpt":{"rendered":"<p>Die Verordnung des Bozner B\u00fcrgermeisters Renzo Caramaschi, welche vorsieht, dass Sport und k\u00f6rperliche Aktivit\u00e4t nun bis zu maximal 400 Meter von zu Hause entfernt erfolgen kann, ist viel diskutiert. Insbesondere weil man sich im restlichen S\u00fcdtirol nach der Dringlichkeitsma\u00dfnahme des Landeshauptmannes Nr 20\/2020 zu Fu\u00df frei bewegen kann. Ist die Verordnung von B\u00fcrgermeister Caramaschi nun [&hellip;]<\/p>\n","protected":false},"author":1,"featured_media":0,"comment_status":"closed","ping_status":"closed","sticky":false,"template":"","format":"standard","meta":{"_acf_changed":false,"footnotes":""},"categories":[],"tags":[],"class_list":["post-907","post","type-post","status-publish","format-standard","hentry"],"acf":[],"yoast_head":"<!-- This site is optimized with the Yoast SEO plugin v27.3 - https:\/\/yoast.com\/product\/yoast-seo-wordpress\/ -->\n<title>Studio legale PMAB Bolzano \u2013 News &amp; Stampa \u2013 Sport und k\u00f6rperliche Aktivit\u00e4t \/ RA Alexander Bauer steht dazu im heutigen Mittagsmagazin der RAI S\u00fcdtirol Rede und Antwort<\/title>\n<meta name=\"description\" content=\"Notizie, articoli e comunicati stampa dello studio legale PMAB a Bolzano. Aggiornamenti giuridici e novit\u00e0 dallo studio.\" \/>\n<meta name=\"robots\" content=\"index, follow, max-snippet:-1, max-image-preview:large, max-video-preview:-1\" \/>\n<link rel=\"canonical\" href=\"https:\/\/pmab.it\/it\/sport-und-koerperliche-aktivitaet-ra-alexander-bauer-steht-dazu-im-heutigen-mittagsmagazin-der-rai-suedtirol-rede-und-antwort\/\" \/>\n<meta property=\"og:locale\" content=\"it_IT\" \/>\n<meta property=\"og:type\" content=\"article\" \/>\n<meta property=\"og:title\" content=\"Studio legale PMAB Bolzano \u2013 News &amp; Stampa \u2013 Sport und k\u00f6rperliche Aktivit\u00e4t \/ RA Alexander Bauer steht dazu im heutigen Mittagsmagazin der RAI S\u00fcdtirol Rede und Antwort\" \/>\n<meta property=\"og:description\" content=\"Notizie, articoli e comunicati stampa dello studio legale PMAB a Bolzano. Aggiornamenti giuridici e novit\u00e0 dallo studio.\" \/>\n<meta property=\"og:url\" content=\"https:\/\/pmab.it\/it\/sport-und-koerperliche-aktivitaet-ra-alexander-bauer-steht-dazu-im-heutigen-mittagsmagazin-der-rai-suedtirol-rede-und-antwort\/\" \/>\n<meta property=\"og:site_name\" content=\"PMAB\" \/>\n<meta property=\"article:published_time\" content=\"2020-04-16T15:25:06+00:00\" \/>\n<meta property=\"article:modified_time\" content=\"2025-01-28T16:25:17+00:00\" \/>\n<meta property=\"og:image\" content=\"https:\/\/pmab.it\/wp-content\/uploads\/2025\/02\/pmab-meeting-room-resized.jpg\" \/>\n\t<meta property=\"og:image:width\" content=\"2048\" \/>\n\t<meta property=\"og:image:height\" content=\"1363\" \/>\n\t<meta property=\"og:image:type\" content=\"image\/jpeg\" \/>\n<meta name=\"author\" content=\"Webmaster\" \/>\n<meta name=\"twitter:card\" content=\"summary_large_image\" \/>\n<meta name=\"twitter:label1\" content=\"Scritto da\" \/>\n\t<meta name=\"twitter:data1\" content=\"Webmaster\" \/>\n\t<meta name=\"twitter:label2\" content=\"Tempo di lettura stimato\" \/>\n\t<meta name=\"twitter:data2\" content=\"1 minuto\" \/>\n<script type=\"application\/ld+json\" class=\"yoast-schema-graph\">{\"@context\":\"https:\\\/\\\/schema.org\",\"@graph\":[{\"@type\":\"Article\",\"@id\":\"https:\\\/\\\/pmab.it\\\/it\\\/sport-und-koerperliche-aktivitaet-ra-alexander-bauer-steht-dazu-im-heutigen-mittagsmagazin-der-rai-suedtirol-rede-und-antwort\\\/#article\",\"isPartOf\":{\"@id\":\"https:\\\/\\\/pmab.it\\\/it\\\/sport-und-koerperliche-aktivitaet-ra-alexander-bauer-steht-dazu-im-heutigen-mittagsmagazin-der-rai-suedtirol-rede-und-antwort\\\/\"},\"author\":{\"name\":\"Webmaster\",\"@id\":\"https:\\\/\\\/pmab.it\\\/it\\\/#\\\/schema\\\/person\\\/4253fc53149bb462a2c696ea7c744328\"},\"headline\":\"Sport und k\u00f6rperliche Aktivit\u00e4t \\\/ RA Alexander Bauer steht dazu im heutigen Mittagsmagazin der RAI S\u00fcdtirol Rede und Antwort\",\"datePublished\":\"2020-04-16T15:25:06+00:00\",\"dateModified\":\"2025-01-28T16:25:17+00:00\",\"mainEntityOfPage\":{\"@id\":\"https:\\\/\\\/pmab.it\\\/it\\\/sport-und-koerperliche-aktivitaet-ra-alexander-bauer-steht-dazu-im-heutigen-mittagsmagazin-der-rai-suedtirol-rede-und-antwort\\\/\"},\"wordCount\":113,\"publisher\":{\"@id\":\"https:\\\/\\\/pmab.it\\\/it\\\/#organization\"},\"inLanguage\":\"it-IT\"},{\"@type\":\"WebPage\",\"@id\":\"https:\\\/\\\/pmab.it\\\/it\\\/sport-und-koerperliche-aktivitaet-ra-alexander-bauer-steht-dazu-im-heutigen-mittagsmagazin-der-rai-suedtirol-rede-und-antwort\\\/\",\"url\":\"https:\\\/\\\/pmab.it\\\/it\\\/sport-und-koerperliche-aktivitaet-ra-alexander-bauer-steht-dazu-im-heutigen-mittagsmagazin-der-rai-suedtirol-rede-und-antwort\\\/\",\"name\":\"Studio legale PMAB Bolzano \u2013 News & Stampa \u2013 Sport und k\u00f6rperliche Aktivit\u00e4t \\\/ RA Alexander Bauer steht dazu im heutigen Mittagsmagazin der RAI S\u00fcdtirol Rede und Antwort\",\"isPartOf\":{\"@id\":\"https:\\\/\\\/pmab.it\\\/it\\\/#website\"},\"datePublished\":\"2020-04-16T15:25:06+00:00\",\"dateModified\":\"2025-01-28T16:25:17+00:00\",\"description\":\"Notizie, articoli e comunicati stampa dello studio legale PMAB a Bolzano. Aggiornamenti giuridici e novit\u00e0 dallo studio.\",\"breadcrumb\":{\"@id\":\"https:\\\/\\\/pmab.it\\\/it\\\/sport-und-koerperliche-aktivitaet-ra-alexander-bauer-steht-dazu-im-heutigen-mittagsmagazin-der-rai-suedtirol-rede-und-antwort\\\/#breadcrumb\"},\"inLanguage\":\"it-IT\",\"potentialAction\":[{\"@type\":\"ReadAction\",\"target\":[\"https:\\\/\\\/pmab.it\\\/it\\\/sport-und-koerperliche-aktivitaet-ra-alexander-bauer-steht-dazu-im-heutigen-mittagsmagazin-der-rai-suedtirol-rede-und-antwort\\\/\"]}]},{\"@type\":\"BreadcrumbList\",\"@id\":\"https:\\\/\\\/pmab.it\\\/it\\\/sport-und-koerperliche-aktivitaet-ra-alexander-bauer-steht-dazu-im-heutigen-mittagsmagazin-der-rai-suedtirol-rede-und-antwort\\\/#breadcrumb\",\"itemListElement\":[{\"@type\":\"ListItem\",\"position\":1,\"name\":\"Home\",\"item\":\"https:\\\/\\\/pmab.it\\\/it\\\/\"},{\"@type\":\"ListItem\",\"position\":2,\"name\":\"Sport und k\u00f6rperliche Aktivit\u00e4t \\\/ RA Alexander Bauer steht dazu im heutigen Mittagsmagazin der RAI S\u00fcdtirol Rede und Antwort\"}]},{\"@type\":\"WebSite\",\"@id\":\"https:\\\/\\\/pmab.it\\\/it\\\/#website\",\"url\":\"https:\\\/\\\/pmab.it\\\/it\\\/\",\"name\":\"PMAB. Anw\u00e4lte Avvocati\",\"description\":\"Lo studio legale PMAB a Bolzano e Merano offre assistenza in diritto civile, di famiglia, del lavoro, societario, amministrativo e tributario.\",\"publisher\":{\"@id\":\"https:\\\/\\\/pmab.it\\\/it\\\/#organization\"},\"alternateName\":\"PMAB - Anwaltskanzlei in Bozen und Meran\",\"potentialAction\":[{\"@type\":\"SearchAction\",\"target\":{\"@type\":\"EntryPoint\",\"urlTemplate\":\"https:\\\/\\\/pmab.it\\\/it\\\/?s={search_term_string}\"},\"query-input\":{\"@type\":\"PropertyValueSpecification\",\"valueRequired\":true,\"valueName\":\"search_term_string\"}}],\"inLanguage\":\"it-IT\"},{\"@type\":\"Organization\",\"@id\":\"https:\\\/\\\/pmab.it\\\/it\\\/#organization\",\"name\":\"PMAB. Anw\u00e4lte Avvocati\",\"url\":\"https:\\\/\\\/pmab.it\\\/it\\\/\",\"logo\":{\"@type\":\"ImageObject\",\"inLanguage\":\"it-IT\",\"@id\":\"https:\\\/\\\/pmab.it\\\/it\\\/#\\\/schema\\\/logo\\\/image\\\/\",\"url\":\"https:\\\/\\\/pmab.it\\\/wp-content\\\/uploads\\\/2024\\\/12\\\/PMAB-anthrazit-large.png\",\"contentUrl\":\"https:\\\/\\\/pmab.it\\\/wp-content\\\/uploads\\\/2024\\\/12\\\/PMAB-anthrazit-large.png\",\"width\":1299,\"height\":319,\"caption\":\"PMAB. Anw\u00e4lte Avvocati\"},\"image\":{\"@id\":\"https:\\\/\\\/pmab.it\\\/it\\\/#\\\/schema\\\/logo\\\/image\\\/\"}},{\"@type\":\"Person\",\"@id\":\"https:\\\/\\\/pmab.it\\\/it\\\/#\\\/schema\\\/person\\\/4253fc53149bb462a2c696ea7c744328\",\"name\":\"Webmaster\",\"image\":{\"@type\":\"ImageObject\",\"inLanguage\":\"it-IT\",\"@id\":\"https:\\\/\\\/secure.gravatar.com\\\/avatar\\\/bfa221db63a615db154bcb5b3b83101c01a68321277aead0e6863b31401c514b?s=96&d=mm&r=g\",\"url\":\"https:\\\/\\\/secure.gravatar.com\\\/avatar\\\/bfa221db63a615db154bcb5b3b83101c01a68321277aead0e6863b31401c514b?s=96&d=mm&r=g\",\"contentUrl\":\"https:\\\/\\\/secure.gravatar.com\\\/avatar\\\/bfa221db63a615db154bcb5b3b83101c01a68321277aead0e6863b31401c514b?s=96&d=mm&r=g\",\"caption\":\"Webmaster\"},\"sameAs\":[\"https:\\\/\\\/pmab.it\"]}]}<\/script>\n<!-- \/ Yoast SEO plugin. -->","yoast_head_json":{"title":"Studio legale PMAB Bolzano \u2013 News & Stampa \u2013 Sport und k\u00f6rperliche Aktivit\u00e4t \/ RA Alexander Bauer steht dazu im heutigen Mittagsmagazin der RAI S\u00fcdtirol Rede und Antwort","description":"Notizie, articoli e comunicati stampa dello studio legale PMAB a Bolzano. Aggiornamenti giuridici e novit\u00e0 dallo studio.","robots":{"index":"index","follow":"follow","max-snippet":"max-snippet:-1","max-image-preview":"max-image-preview:large","max-video-preview":"max-video-preview:-1"},"canonical":"https:\/\/pmab.it\/it\/sport-und-koerperliche-aktivitaet-ra-alexander-bauer-steht-dazu-im-heutigen-mittagsmagazin-der-rai-suedtirol-rede-und-antwort\/","og_locale":"it_IT","og_type":"article","og_title":"Studio legale PMAB Bolzano \u2013 News & Stampa \u2013 Sport und k\u00f6rperliche Aktivit\u00e4t \/ RA Alexander Bauer steht dazu im heutigen Mittagsmagazin der RAI S\u00fcdtirol Rede und Antwort","og_description":"Notizie, articoli e comunicati stampa dello studio legale PMAB a Bolzano. Aggiornamenti giuridici e novit\u00e0 dallo studio.","og_url":"https:\/\/pmab.it\/it\/sport-und-koerperliche-aktivitaet-ra-alexander-bauer-steht-dazu-im-heutigen-mittagsmagazin-der-rai-suedtirol-rede-und-antwort\/","og_site_name":"PMAB","article_published_time":"2020-04-16T15:25:06+00:00","article_modified_time":"2025-01-28T16:25:17+00:00","og_image":[{"width":2048,"height":1363,"url":"https:\/\/pmab.it\/wp-content\/uploads\/2025\/02\/pmab-meeting-room-resized.jpg","type":"image\/jpeg"}],"author":"Webmaster","twitter_card":"summary_large_image","twitter_misc":{"Scritto da":"Webmaster","Tempo di lettura stimato":"1 minuto"},"schema":{"@context":"https:\/\/schema.org","@graph":[{"@type":"Article","@id":"https:\/\/pmab.it\/it\/sport-und-koerperliche-aktivitaet-ra-alexander-bauer-steht-dazu-im-heutigen-mittagsmagazin-der-rai-suedtirol-rede-und-antwort\/#article","isPartOf":{"@id":"https:\/\/pmab.it\/it\/sport-und-koerperliche-aktivitaet-ra-alexander-bauer-steht-dazu-im-heutigen-mittagsmagazin-der-rai-suedtirol-rede-und-antwort\/"},"author":{"name":"Webmaster","@id":"https:\/\/pmab.it\/it\/#\/schema\/person\/4253fc53149bb462a2c696ea7c744328"},"headline":"Sport und k\u00f6rperliche Aktivit\u00e4t \/ RA Alexander Bauer steht dazu im heutigen Mittagsmagazin der RAI S\u00fcdtirol Rede und Antwort","datePublished":"2020-04-16T15:25:06+00:00","dateModified":"2025-01-28T16:25:17+00:00","mainEntityOfPage":{"@id":"https:\/\/pmab.it\/it\/sport-und-koerperliche-aktivitaet-ra-alexander-bauer-steht-dazu-im-heutigen-mittagsmagazin-der-rai-suedtirol-rede-und-antwort\/"},"wordCount":113,"publisher":{"@id":"https:\/\/pmab.it\/it\/#organization"},"inLanguage":"it-IT"},{"@type":"WebPage","@id":"https:\/\/pmab.it\/it\/sport-und-koerperliche-aktivitaet-ra-alexander-bauer-steht-dazu-im-heutigen-mittagsmagazin-der-rai-suedtirol-rede-und-antwort\/","url":"https:\/\/pmab.it\/it\/sport-und-koerperliche-aktivitaet-ra-alexander-bauer-steht-dazu-im-heutigen-mittagsmagazin-der-rai-suedtirol-rede-und-antwort\/","name":"Studio legale PMAB Bolzano \u2013 News & Stampa \u2013 Sport und k\u00f6rperliche Aktivit\u00e4t \/ RA Alexander Bauer steht dazu im heutigen Mittagsmagazin der RAI S\u00fcdtirol Rede und Antwort","isPartOf":{"@id":"https:\/\/pmab.it\/it\/#website"},"datePublished":"2020-04-16T15:25:06+00:00","dateModified":"2025-01-28T16:25:17+00:00","description":"Notizie, articoli e comunicati stampa dello studio legale PMAB a Bolzano. Aggiornamenti giuridici e novit\u00e0 dallo studio.","breadcrumb":{"@id":"https:\/\/pmab.it\/it\/sport-und-koerperliche-aktivitaet-ra-alexander-bauer-steht-dazu-im-heutigen-mittagsmagazin-der-rai-suedtirol-rede-und-antwort\/#breadcrumb"},"inLanguage":"it-IT","potentialAction":[{"@type":"ReadAction","target":["https:\/\/pmab.it\/it\/sport-und-koerperliche-aktivitaet-ra-alexander-bauer-steht-dazu-im-heutigen-mittagsmagazin-der-rai-suedtirol-rede-und-antwort\/"]}]},{"@type":"BreadcrumbList","@id":"https:\/\/pmab.it\/it\/sport-und-koerperliche-aktivitaet-ra-alexander-bauer-steht-dazu-im-heutigen-mittagsmagazin-der-rai-suedtirol-rede-und-antwort\/#breadcrumb","itemListElement":[{"@type":"ListItem","position":1,"name":"Home","item":"https:\/\/pmab.it\/it\/"},{"@type":"ListItem","position":2,"name":"Sport und k\u00f6rperliche Aktivit\u00e4t \/ RA Alexander Bauer steht dazu im heutigen Mittagsmagazin der RAI S\u00fcdtirol Rede und Antwort"}]},{"@type":"WebSite","@id":"https:\/\/pmab.it\/it\/#website","url":"https:\/\/pmab.it\/it\/","name":"PMAB. Anw\u00e4lte Avvocati","description":"Lo studio legale PMAB a Bolzano e Merano offre assistenza in diritto civile, di famiglia, del lavoro, societario, amministrativo e tributario.","publisher":{"@id":"https:\/\/pmab.it\/it\/#organization"},"alternateName":"PMAB - Anwaltskanzlei in Bozen und Meran","potentialAction":[{"@type":"SearchAction","target":{"@type":"EntryPoint","urlTemplate":"https:\/\/pmab.it\/it\/?s={search_term_string}"},"query-input":{"@type":"PropertyValueSpecification","valueRequired":true,"valueName":"search_term_string"}}],"inLanguage":"it-IT"},{"@type":"Organization","@id":"https:\/\/pmab.it\/it\/#organization","name":"PMAB. Anw\u00e4lte Avvocati","url":"https:\/\/pmab.it\/it\/","logo":{"@type":"ImageObject","inLanguage":"it-IT","@id":"https:\/\/pmab.it\/it\/#\/schema\/logo\/image\/","url":"https:\/\/pmab.it\/wp-content\/uploads\/2024\/12\/PMAB-anthrazit-large.png","contentUrl":"https:\/\/pmab.it\/wp-content\/uploads\/2024\/12\/PMAB-anthrazit-large.png","width":1299,"height":319,"caption":"PMAB. Anw\u00e4lte Avvocati"},"image":{"@id":"https:\/\/pmab.it\/it\/#\/schema\/logo\/image\/"}},{"@type":"Person","@id":"https:\/\/pmab.it\/it\/#\/schema\/person\/4253fc53149bb462a2c696ea7c744328","name":"Webmaster","image":{"@type":"ImageObject","inLanguage":"it-IT","@id":"https:\/\/secure.gravatar.com\/avatar\/bfa221db63a615db154bcb5b3b83101c01a68321277aead0e6863b31401c514b?s=96&d=mm&r=g","url":"https:\/\/secure.gravatar.com\/avatar\/bfa221db63a615db154bcb5b3b83101c01a68321277aead0e6863b31401c514b?s=96&d=mm&r=g","contentUrl":"https:\/\/secure.gravatar.com\/avatar\/bfa221db63a615db154bcb5b3b83101c01a68321277aead0e6863b31401c514b?s=96&d=mm&r=g","caption":"Webmaster"},"sameAs":["https:\/\/pmab.it"]}]}},"_links":{"self":[{"href":"https:\/\/pmab.it\/it\/wp-json\/wp\/v2\/posts\/907","targetHints":{"allow":["GET"]}}],"collection":[{"href":"https:\/\/pmab.it\/it\/wp-json\/wp\/v2\/posts"}],"about":[{"href":"https:\/\/pmab.it\/it\/wp-json\/wp\/v2\/types\/post"}],"author":[{"embeddable":true,"href":"https:\/\/pmab.it\/it\/wp-json\/wp\/v2\/users\/1"}],"replies":[{"embeddable":true,"href":"https:\/\/pmab.it\/it\/wp-json\/wp\/v2\/comments?post=907"}],"version-history":[{"count":0,"href":"https:\/\/pmab.it\/it\/wp-json\/wp\/v2\/posts\/907\/revisions"}],"wp:attachment":[{"href":"https:\/\/pmab.it\/it\/wp-json\/wp\/v2\/media?parent=907"}],"wp:term":[{"taxonomy":"category","embeddable":true,"href":"https:\/\/pmab.it\/it\/wp-json\/wp\/v2\/categories?post=907"},{"taxonomy":"post_tag","embeddable":true,"href":"https:\/\/pmab.it\/it\/wp-json\/wp\/v2\/tags?post=907"}],"curies":[{"name":"wp","href":"https:\/\/api.w.org\/{rel}","templated":true}]}}