{"id":928,"date":"2020-04-30T17:39:19","date_gmt":"2020-04-30T15:39:19","guid":{"rendered":"https:\/\/pmab.it\/?p=928"},"modified":"2025-01-28T17:39:31","modified_gmt":"2025-01-28T16:39:31","slug":"covid-19-bedingte-schliessungen-was-passiert-mit-meinem-jahres-abo-fuer-das-hallenbad-oder-fuer-das-fitnessstudio-was-mit-meinem-gutschein-welcher-eine-zeitlich-begrenzte-gueltigkeit-hat-was-mit-m","status":"publish","type":"post","link":"https:\/\/pmab.it\/it\/covid-19-bedingte-schliessungen-was-passiert-mit-meinem-jahres-abo-fuer-das-hallenbad-oder-fuer-das-fitnessstudio-was-mit-meinem-gutschein-welcher-eine-zeitlich-begrenzte-gueltigkeit-hat-was-mit-m\/","title":{"rendered":"Covid-19-bedingte Schlie\u00dfungen: Was passiert mit meinem Jahres-Abo f\u00fcr das Hallenbad oder f\u00fcr das Fitnessstudio? Was mit meinem Gutschein, welcher eine zeitlich begrenzte G\u00fcltigkeit hat? Was mit meiner Karte f\u00fcr ein abgesagtes Konzert?"},"content":{"rendered":"<ol>\n<li>Fallbeispiel: Monats- oder Jahres-Abo z.B. f\u00fcr Schwimmbad oder Fitnessstudio:<br \/>\nDer Kunde muss f\u00fcr den Zeitraum, in welchen er sein Monats- bzw. Jahres-Abo nicht nutzen kann, keine Zahlung leisten bzw. kann das vorab bezahlte Abo im Verh\u00e4ltnis zur Schlie\u00dfung zur\u00fcckfordern (Art. 1463 ZGB). Nat\u00fcrlich steht es ihm auch frei, einer vom Veranstalter vorgeschlagenen Verl\u00e4ngerung des Abos zuzustimmen.<\/li>\n<li>Fallbeispiel: Zehner-Karte<br \/>\nAnders hingegen gestaltet sich der Fall, wo der Eintritt aufgrund einer vorab bezahlten Anzahl an Eintritten (z.B. \u201eZehnerkarte\u201c) erfolgt. Hier besteht kein Recht auf R\u00fcckerstattung des Preises, sondern die Eintritte k\u00f6nnen bzw. m\u00fcssen eingel\u00f6st werden, sobald die Gesetzeslage dies wieder zul\u00e4sst. Nur sofern der Kunde nachweist, dass zu diesem sp\u00e4teren Zeitpunkt kein Interesse mehr besteht, die Eintritte einzul\u00f6sen, greift das Recht auf R\u00fcckerstattung (Art. 1256 ZGB).<br \/>\nIst hingegen eine spezifische G\u00fcltigkeit f\u00fcr das Einl\u00f6sen der Eintritte festgesetzt worden, so verl\u00e4ngert sich die G\u00fcltigkeit um jenen Zeitraum, in welchem der Veranstaltungsort geschlossen geblieben ist. Unabh\u00e4ngig von der Corona bedingten Schlie\u00dfung gilt es in diesen F\u00e4llen grunds\u00e4tzlich zu pr\u00fcfen, ob die Festsetzung der G\u00fcltigkeit \u00fcberhaupt rechtm\u00e4\u00dfig erfolgt ist.<\/li>\n<li>Fallbeispiel: Gutscheine (z.B. Wellness-; Restaurant-, Einkaufsgutscheine, usw.):<br \/>\nFalls der Gutschein eine F\u00e4lligkeit hat, verl\u00e4ngert sich die G\u00fcltigkeit des Gutscheins um jenen Zeitraum, in welchem die Einl\u00f6sung des Gutscheins aufgrund der Schlie\u00dfung nicht m\u00f6glich war. Auch hier sollte jedenfalls \u00fcberpr\u00fcft werden, ob die Festsetzung der F\u00e4lligkeit \u00fcberhaupt rechtm\u00e4\u00dfig erfolgt ist.<\/li>\n<li>Fallbeispiel: Tickets\/Abos f\u00fcr Museumsbesuche, Konzerte, Theaterveranstaltungen, Kinobesuche usw.<br \/>\nF\u00fcr bereits bezahlte Tickets\/Abos f\u00fcr Museumsbesuche sowie f\u00fcr Veranstaltungen jeglicher Art, inklusive Kino- und Theaterveranstaltungen, sieht das Gesetzesdekret Nr. 18 vom 17.03.2020 samt \u00c4nderungen gem\u00e4\u00df diesbez\u00fcglichem Umwandlungsgesetz (derzeit in der Phase der Ver\u00f6ffentlichung) hingegen eine spezielle Regelung vor: Der K\u00e4ufer hat eine sehr kurze Frist von lediglich 30 Tagen, um die R\u00fcckgabe des Kaufpreis geltend zu machen. Weiters r\u00e4umt es dem Veranstalter die M\u00f6glichkeit ein, anstatt der R\u00fcckerstattung des Betrages, einen Voucher im selben Wertausma\u00df auszustellen.<\/li>\n<\/ol>\n<p>Eine Pr\u00fcfung der Einzelf\u00e4lle in der hier behandelten Thematik scheint insbesondere dort relevant, wo die konkret vereinbarten Gesch\u00e4ftsbedingungen bzw. AGBs von den Bestimmungen des Zivilgesetzbuches abweichen.<\/p>\n<p>Bei Fragen zu diesen oder \u00e4hnlichen Problematiken stehen wir Ihnen gerne zur Verf\u00fcgung.<\/p>\n","protected":false},"excerpt":{"rendered":"<p>Fallbeispiel: Monats- oder Jahres-Abo z.B. f\u00fcr Schwimmbad oder Fitnessstudio: Der Kunde muss f\u00fcr den Zeitraum, in welchen er sein Monats- bzw. Jahres-Abo nicht nutzen kann, keine Zahlung leisten bzw. kann das vorab bezahlte Abo im Verh\u00e4ltnis zur Schlie\u00dfung zur\u00fcckfordern (Art. 1463 ZGB). Nat\u00fcrlich steht es ihm auch frei, einer vom Veranstalter vorgeschlagenen Verl\u00e4ngerung des Abos [&hellip;]<\/p>\n","protected":false},"author":1,"featured_media":0,"comment_status":"closed","ping_status":"closed","sticky":false,"template":"","format":"standard","meta":{"_acf_changed":false,"footnotes":""},"categories":[1],"tags":[],"class_list":["post-928","post","type-post","status-publish","format-standard","hentry","category-unkategorisiert"],"acf":[],"yoast_head":"<!-- This site is optimized with the Yoast SEO plugin v27.3 - https:\/\/yoast.com\/product\/yoast-seo-wordpress\/ -->\n<title>Studio legale PMAB Bolzano \u2013 News &amp; Stampa \u2013 Covid-19-bedingte Schlie\u00dfungen: Was passiert mit meinem Jahres-Abo f\u00fcr das Hallenbad oder f\u00fcr das Fitnessstudio? Was mit meinem Gutschein, welcher eine zeitlich begrenzte G\u00fcltigkeit hat? Was mit meiner Karte f\u00fcr ein abgesagtes Konzert?<\/title>\n<meta name=\"description\" content=\"Notizie, articoli e comunicati stampa dello studio legale PMAB a Bolzano. Aggiornamenti giuridici e novit\u00e0 dallo studio.\" \/>\n<meta name=\"robots\" content=\"index, follow, max-snippet:-1, max-image-preview:large, max-video-preview:-1\" \/>\n<link rel=\"canonical\" href=\"https:\/\/pmab.it\/it\/covid-19-bedingte-schliessungen-was-passiert-mit-meinem-jahres-abo-fuer-das-hallenbad-oder-fuer-das-fitnessstudio-was-mit-meinem-gutschein-welcher-eine-zeitlich-begrenzte-gueltigkeit-hat-was-mit-m\/\" \/>\n<meta property=\"og:locale\" content=\"it_IT\" \/>\n<meta property=\"og:type\" content=\"article\" \/>\n<meta property=\"og:title\" content=\"Studio legale PMAB Bolzano \u2013 News &amp; Stampa \u2013 Covid-19-bedingte Schlie\u00dfungen: Was passiert mit meinem Jahres-Abo f\u00fcr das Hallenbad oder f\u00fcr das Fitnessstudio? Was mit meinem Gutschein, welcher eine zeitlich begrenzte G\u00fcltigkeit hat? Was mit meiner Karte f\u00fcr ein abgesagtes Konzert?\" \/>\n<meta property=\"og:description\" content=\"Notizie, articoli e comunicati stampa dello studio legale PMAB a Bolzano. Aggiornamenti giuridici e novit\u00e0 dallo studio.\" \/>\n<meta property=\"og:url\" content=\"https:\/\/pmab.it\/it\/covid-19-bedingte-schliessungen-was-passiert-mit-meinem-jahres-abo-fuer-das-hallenbad-oder-fuer-das-fitnessstudio-was-mit-meinem-gutschein-welcher-eine-zeitlich-begrenzte-gueltigkeit-hat-was-mit-m\/\" \/>\n<meta property=\"og:site_name\" content=\"PMAB\" \/>\n<meta property=\"article:published_time\" content=\"2020-04-30T15:39:19+00:00\" \/>\n<meta property=\"article:modified_time\" content=\"2025-01-28T16:39:31+00:00\" \/>\n<meta property=\"og:image\" content=\"https:\/\/pmab.it\/wp-content\/uploads\/2025\/02\/pmab-meeting-room-resized.jpg\" \/>\n\t<meta property=\"og:image:width\" content=\"2048\" \/>\n\t<meta property=\"og:image:height\" content=\"1363\" \/>\n\t<meta property=\"og:image:type\" content=\"image\/jpeg\" \/>\n<meta name=\"author\" content=\"Webmaster\" \/>\n<meta name=\"twitter:card\" content=\"summary_large_image\" \/>\n<meta name=\"twitter:label1\" content=\"Scritto da\" \/>\n\t<meta name=\"twitter:data1\" content=\"Webmaster\" \/>\n\t<meta name=\"twitter:label2\" content=\"Tempo di lettura stimato\" \/>\n\t<meta name=\"twitter:data2\" content=\"2 minuti\" \/>\n<script type=\"application\/ld+json\" class=\"yoast-schema-graph\">{\"@context\":\"https:\\\/\\\/schema.org\",\"@graph\":[{\"@type\":\"Article\",\"@id\":\"https:\\\/\\\/pmab.it\\\/it\\\/covid-19-bedingte-schliessungen-was-passiert-mit-meinem-jahres-abo-fuer-das-hallenbad-oder-fuer-das-fitnessstudio-was-mit-meinem-gutschein-welcher-eine-zeitlich-begrenzte-gueltigkeit-hat-was-mit-m\\\/#article\",\"isPartOf\":{\"@id\":\"https:\\\/\\\/pmab.it\\\/it\\\/covid-19-bedingte-schliessungen-was-passiert-mit-meinem-jahres-abo-fuer-das-hallenbad-oder-fuer-das-fitnessstudio-was-mit-meinem-gutschein-welcher-eine-zeitlich-begrenzte-gueltigkeit-hat-was-mit-m\\\/\"},\"author\":{\"name\":\"Webmaster\",\"@id\":\"https:\\\/\\\/pmab.it\\\/it\\\/#\\\/schema\\\/person\\\/4253fc53149bb462a2c696ea7c744328\"},\"headline\":\"Covid-19-bedingte Schlie\u00dfungen: Was passiert mit meinem Jahres-Abo f\u00fcr das Hallenbad oder f\u00fcr das Fitnessstudio? Was mit meinem Gutschein, welcher eine zeitlich begrenzte G\u00fcltigkeit hat? Was mit meiner Karte f\u00fcr ein abgesagtes Konzert?\",\"datePublished\":\"2020-04-30T15:39:19+00:00\",\"dateModified\":\"2025-01-28T16:39:31+00:00\",\"mainEntityOfPage\":{\"@id\":\"https:\\\/\\\/pmab.it\\\/it\\\/covid-19-bedingte-schliessungen-was-passiert-mit-meinem-jahres-abo-fuer-das-hallenbad-oder-fuer-das-fitnessstudio-was-mit-meinem-gutschein-welcher-eine-zeitlich-begrenzte-gueltigkeit-hat-was-mit-m\\\/\"},\"wordCount\":435,\"publisher\":{\"@id\":\"https:\\\/\\\/pmab.it\\\/it\\\/#organization\"},\"articleSection\":[\"Unkategorisiert\"],\"inLanguage\":\"it-IT\"},{\"@type\":\"WebPage\",\"@id\":\"https:\\\/\\\/pmab.it\\\/it\\\/covid-19-bedingte-schliessungen-was-passiert-mit-meinem-jahres-abo-fuer-das-hallenbad-oder-fuer-das-fitnessstudio-was-mit-meinem-gutschein-welcher-eine-zeitlich-begrenzte-gueltigkeit-hat-was-mit-m\\\/\",\"url\":\"https:\\\/\\\/pmab.it\\\/it\\\/covid-19-bedingte-schliessungen-was-passiert-mit-meinem-jahres-abo-fuer-das-hallenbad-oder-fuer-das-fitnessstudio-was-mit-meinem-gutschein-welcher-eine-zeitlich-begrenzte-gueltigkeit-hat-was-mit-m\\\/\",\"name\":\"Studio legale PMAB Bolzano \u2013 News & Stampa \u2013 Covid-19-bedingte Schlie\u00dfungen: Was passiert mit meinem Jahres-Abo f\u00fcr das Hallenbad oder f\u00fcr das Fitnessstudio? Was mit meinem Gutschein, welcher eine zeitlich begrenzte G\u00fcltigkeit hat? Was mit meiner Karte f\u00fcr ein abgesagtes Konzert?\",\"isPartOf\":{\"@id\":\"https:\\\/\\\/pmab.it\\\/it\\\/#website\"},\"datePublished\":\"2020-04-30T15:39:19+00:00\",\"dateModified\":\"2025-01-28T16:39:31+00:00\",\"description\":\"Notizie, articoli e comunicati stampa dello studio legale PMAB a Bolzano. Aggiornamenti giuridici e novit\u00e0 dallo studio.\",\"breadcrumb\":{\"@id\":\"https:\\\/\\\/pmab.it\\\/it\\\/covid-19-bedingte-schliessungen-was-passiert-mit-meinem-jahres-abo-fuer-das-hallenbad-oder-fuer-das-fitnessstudio-was-mit-meinem-gutschein-welcher-eine-zeitlich-begrenzte-gueltigkeit-hat-was-mit-m\\\/#breadcrumb\"},\"inLanguage\":\"it-IT\",\"potentialAction\":[{\"@type\":\"ReadAction\",\"target\":[\"https:\\\/\\\/pmab.it\\\/it\\\/covid-19-bedingte-schliessungen-was-passiert-mit-meinem-jahres-abo-fuer-das-hallenbad-oder-fuer-das-fitnessstudio-was-mit-meinem-gutschein-welcher-eine-zeitlich-begrenzte-gueltigkeit-hat-was-mit-m\\\/\"]}]},{\"@type\":\"BreadcrumbList\",\"@id\":\"https:\\\/\\\/pmab.it\\\/it\\\/covid-19-bedingte-schliessungen-was-passiert-mit-meinem-jahres-abo-fuer-das-hallenbad-oder-fuer-das-fitnessstudio-was-mit-meinem-gutschein-welcher-eine-zeitlich-begrenzte-gueltigkeit-hat-was-mit-m\\\/#breadcrumb\",\"itemListElement\":[{\"@type\":\"ListItem\",\"position\":1,\"name\":\"Home\",\"item\":\"https:\\\/\\\/pmab.it\\\/it\\\/\"},{\"@type\":\"ListItem\",\"position\":2,\"name\":\"Covid-19-bedingte Schlie\u00dfungen: Was passiert mit meinem Jahres-Abo f\u00fcr das Hallenbad oder f\u00fcr das Fitnessstudio? Was mit meinem Gutschein, welcher eine zeitlich begrenzte G\u00fcltigkeit hat? Was mit meiner Karte f\u00fcr ein abgesagtes Konzert?\"}]},{\"@type\":\"WebSite\",\"@id\":\"https:\\\/\\\/pmab.it\\\/it\\\/#website\",\"url\":\"https:\\\/\\\/pmab.it\\\/it\\\/\",\"name\":\"PMAB. Anw\u00e4lte Avvocati\",\"description\":\"Lo studio legale PMAB a Bolzano e Merano offre assistenza in diritto civile, di famiglia, del lavoro, societario, amministrativo e tributario.\",\"publisher\":{\"@id\":\"https:\\\/\\\/pmab.it\\\/it\\\/#organization\"},\"alternateName\":\"PMAB - Anwaltskanzlei in Bozen und Meran\",\"potentialAction\":[{\"@type\":\"SearchAction\",\"target\":{\"@type\":\"EntryPoint\",\"urlTemplate\":\"https:\\\/\\\/pmab.it\\\/it\\\/?s={search_term_string}\"},\"query-input\":{\"@type\":\"PropertyValueSpecification\",\"valueRequired\":true,\"valueName\":\"search_term_string\"}}],\"inLanguage\":\"it-IT\"},{\"@type\":\"Organization\",\"@id\":\"https:\\\/\\\/pmab.it\\\/it\\\/#organization\",\"name\":\"PMAB. Anw\u00e4lte Avvocati\",\"url\":\"https:\\\/\\\/pmab.it\\\/it\\\/\",\"logo\":{\"@type\":\"ImageObject\",\"inLanguage\":\"it-IT\",\"@id\":\"https:\\\/\\\/pmab.it\\\/it\\\/#\\\/schema\\\/logo\\\/image\\\/\",\"url\":\"https:\\\/\\\/pmab.it\\\/wp-content\\\/uploads\\\/2024\\\/12\\\/PMAB-anthrazit-large.png\",\"contentUrl\":\"https:\\\/\\\/pmab.it\\\/wp-content\\\/uploads\\\/2024\\\/12\\\/PMAB-anthrazit-large.png\",\"width\":1299,\"height\":319,\"caption\":\"PMAB. Anw\u00e4lte Avvocati\"},\"image\":{\"@id\":\"https:\\\/\\\/pmab.it\\\/it\\\/#\\\/schema\\\/logo\\\/image\\\/\"}},{\"@type\":\"Person\",\"@id\":\"https:\\\/\\\/pmab.it\\\/it\\\/#\\\/schema\\\/person\\\/4253fc53149bb462a2c696ea7c744328\",\"name\":\"Webmaster\",\"image\":{\"@type\":\"ImageObject\",\"inLanguage\":\"it-IT\",\"@id\":\"https:\\\/\\\/secure.gravatar.com\\\/avatar\\\/bfa221db63a615db154bcb5b3b83101c01a68321277aead0e6863b31401c514b?s=96&d=mm&r=g\",\"url\":\"https:\\\/\\\/secure.gravatar.com\\\/avatar\\\/bfa221db63a615db154bcb5b3b83101c01a68321277aead0e6863b31401c514b?s=96&d=mm&r=g\",\"contentUrl\":\"https:\\\/\\\/secure.gravatar.com\\\/avatar\\\/bfa221db63a615db154bcb5b3b83101c01a68321277aead0e6863b31401c514b?s=96&d=mm&r=g\",\"caption\":\"Webmaster\"},\"sameAs\":[\"https:\\\/\\\/pmab.it\"]}]}<\/script>\n<!-- \/ Yoast SEO plugin. -->","yoast_head_json":{"title":"Studio legale PMAB Bolzano \u2013 News & Stampa \u2013 Covid-19-bedingte Schlie\u00dfungen: Was passiert mit meinem Jahres-Abo f\u00fcr das Hallenbad oder f\u00fcr das Fitnessstudio? Was mit meinem Gutschein, welcher eine zeitlich begrenzte G\u00fcltigkeit hat? Was mit meiner Karte f\u00fcr ein abgesagtes Konzert?","description":"Notizie, articoli e comunicati stampa dello studio legale PMAB a Bolzano. Aggiornamenti giuridici e novit\u00e0 dallo studio.","robots":{"index":"index","follow":"follow","max-snippet":"max-snippet:-1","max-image-preview":"max-image-preview:large","max-video-preview":"max-video-preview:-1"},"canonical":"https:\/\/pmab.it\/it\/covid-19-bedingte-schliessungen-was-passiert-mit-meinem-jahres-abo-fuer-das-hallenbad-oder-fuer-das-fitnessstudio-was-mit-meinem-gutschein-welcher-eine-zeitlich-begrenzte-gueltigkeit-hat-was-mit-m\/","og_locale":"it_IT","og_type":"article","og_title":"Studio legale PMAB Bolzano \u2013 News & Stampa \u2013 Covid-19-bedingte Schlie\u00dfungen: Was passiert mit meinem Jahres-Abo f\u00fcr das Hallenbad oder f\u00fcr das Fitnessstudio? Was mit meinem Gutschein, welcher eine zeitlich begrenzte G\u00fcltigkeit hat? Was mit meiner Karte f\u00fcr ein abgesagtes Konzert?","og_description":"Notizie, articoli e comunicati stampa dello studio legale PMAB a Bolzano. Aggiornamenti giuridici e novit\u00e0 dallo studio.","og_url":"https:\/\/pmab.it\/it\/covid-19-bedingte-schliessungen-was-passiert-mit-meinem-jahres-abo-fuer-das-hallenbad-oder-fuer-das-fitnessstudio-was-mit-meinem-gutschein-welcher-eine-zeitlich-begrenzte-gueltigkeit-hat-was-mit-m\/","og_site_name":"PMAB","article_published_time":"2020-04-30T15:39:19+00:00","article_modified_time":"2025-01-28T16:39:31+00:00","og_image":[{"width":2048,"height":1363,"url":"https:\/\/pmab.it\/wp-content\/uploads\/2025\/02\/pmab-meeting-room-resized.jpg","type":"image\/jpeg"}],"author":"Webmaster","twitter_card":"summary_large_image","twitter_misc":{"Scritto da":"Webmaster","Tempo di lettura stimato":"2 minuti"},"schema":{"@context":"https:\/\/schema.org","@graph":[{"@type":"Article","@id":"https:\/\/pmab.it\/it\/covid-19-bedingte-schliessungen-was-passiert-mit-meinem-jahres-abo-fuer-das-hallenbad-oder-fuer-das-fitnessstudio-was-mit-meinem-gutschein-welcher-eine-zeitlich-begrenzte-gueltigkeit-hat-was-mit-m\/#article","isPartOf":{"@id":"https:\/\/pmab.it\/it\/covid-19-bedingte-schliessungen-was-passiert-mit-meinem-jahres-abo-fuer-das-hallenbad-oder-fuer-das-fitnessstudio-was-mit-meinem-gutschein-welcher-eine-zeitlich-begrenzte-gueltigkeit-hat-was-mit-m\/"},"author":{"name":"Webmaster","@id":"https:\/\/pmab.it\/it\/#\/schema\/person\/4253fc53149bb462a2c696ea7c744328"},"headline":"Covid-19-bedingte Schlie\u00dfungen: Was passiert mit meinem Jahres-Abo f\u00fcr das Hallenbad oder f\u00fcr das Fitnessstudio? Was mit meinem Gutschein, welcher eine zeitlich begrenzte G\u00fcltigkeit hat? Was mit meiner Karte f\u00fcr ein abgesagtes Konzert?","datePublished":"2020-04-30T15:39:19+00:00","dateModified":"2025-01-28T16:39:31+00:00","mainEntityOfPage":{"@id":"https:\/\/pmab.it\/it\/covid-19-bedingte-schliessungen-was-passiert-mit-meinem-jahres-abo-fuer-das-hallenbad-oder-fuer-das-fitnessstudio-was-mit-meinem-gutschein-welcher-eine-zeitlich-begrenzte-gueltigkeit-hat-was-mit-m\/"},"wordCount":435,"publisher":{"@id":"https:\/\/pmab.it\/it\/#organization"},"articleSection":["Unkategorisiert"],"inLanguage":"it-IT"},{"@type":"WebPage","@id":"https:\/\/pmab.it\/it\/covid-19-bedingte-schliessungen-was-passiert-mit-meinem-jahres-abo-fuer-das-hallenbad-oder-fuer-das-fitnessstudio-was-mit-meinem-gutschein-welcher-eine-zeitlich-begrenzte-gueltigkeit-hat-was-mit-m\/","url":"https:\/\/pmab.it\/it\/covid-19-bedingte-schliessungen-was-passiert-mit-meinem-jahres-abo-fuer-das-hallenbad-oder-fuer-das-fitnessstudio-was-mit-meinem-gutschein-welcher-eine-zeitlich-begrenzte-gueltigkeit-hat-was-mit-m\/","name":"Studio legale PMAB Bolzano \u2013 News & Stampa \u2013 Covid-19-bedingte Schlie\u00dfungen: Was passiert mit meinem Jahres-Abo f\u00fcr das Hallenbad oder f\u00fcr das Fitnessstudio? Was mit meinem Gutschein, welcher eine zeitlich begrenzte G\u00fcltigkeit hat? Was mit meiner Karte f\u00fcr ein abgesagtes Konzert?","isPartOf":{"@id":"https:\/\/pmab.it\/it\/#website"},"datePublished":"2020-04-30T15:39:19+00:00","dateModified":"2025-01-28T16:39:31+00:00","description":"Notizie, articoli e comunicati stampa dello studio legale PMAB a Bolzano. Aggiornamenti giuridici e novit\u00e0 dallo studio.","breadcrumb":{"@id":"https:\/\/pmab.it\/it\/covid-19-bedingte-schliessungen-was-passiert-mit-meinem-jahres-abo-fuer-das-hallenbad-oder-fuer-das-fitnessstudio-was-mit-meinem-gutschein-welcher-eine-zeitlich-begrenzte-gueltigkeit-hat-was-mit-m\/#breadcrumb"},"inLanguage":"it-IT","potentialAction":[{"@type":"ReadAction","target":["https:\/\/pmab.it\/it\/covid-19-bedingte-schliessungen-was-passiert-mit-meinem-jahres-abo-fuer-das-hallenbad-oder-fuer-das-fitnessstudio-was-mit-meinem-gutschein-welcher-eine-zeitlich-begrenzte-gueltigkeit-hat-was-mit-m\/"]}]},{"@type":"BreadcrumbList","@id":"https:\/\/pmab.it\/it\/covid-19-bedingte-schliessungen-was-passiert-mit-meinem-jahres-abo-fuer-das-hallenbad-oder-fuer-das-fitnessstudio-was-mit-meinem-gutschein-welcher-eine-zeitlich-begrenzte-gueltigkeit-hat-was-mit-m\/#breadcrumb","itemListElement":[{"@type":"ListItem","position":1,"name":"Home","item":"https:\/\/pmab.it\/it\/"},{"@type":"ListItem","position":2,"name":"Covid-19-bedingte Schlie\u00dfungen: Was passiert mit meinem Jahres-Abo f\u00fcr das Hallenbad oder f\u00fcr das Fitnessstudio? Was mit meinem Gutschein, welcher eine zeitlich begrenzte G\u00fcltigkeit hat? Was mit meiner Karte f\u00fcr ein abgesagtes Konzert?"}]},{"@type":"WebSite","@id":"https:\/\/pmab.it\/it\/#website","url":"https:\/\/pmab.it\/it\/","name":"PMAB. Anw\u00e4lte Avvocati","description":"Lo studio legale PMAB a Bolzano e Merano offre assistenza in diritto civile, di famiglia, del lavoro, societario, amministrativo e tributario.","publisher":{"@id":"https:\/\/pmab.it\/it\/#organization"},"alternateName":"PMAB - Anwaltskanzlei in Bozen und Meran","potentialAction":[{"@type":"SearchAction","target":{"@type":"EntryPoint","urlTemplate":"https:\/\/pmab.it\/it\/?s={search_term_string}"},"query-input":{"@type":"PropertyValueSpecification","valueRequired":true,"valueName":"search_term_string"}}],"inLanguage":"it-IT"},{"@type":"Organization","@id":"https:\/\/pmab.it\/it\/#organization","name":"PMAB. Anw\u00e4lte Avvocati","url":"https:\/\/pmab.it\/it\/","logo":{"@type":"ImageObject","inLanguage":"it-IT","@id":"https:\/\/pmab.it\/it\/#\/schema\/logo\/image\/","url":"https:\/\/pmab.it\/wp-content\/uploads\/2024\/12\/PMAB-anthrazit-large.png","contentUrl":"https:\/\/pmab.it\/wp-content\/uploads\/2024\/12\/PMAB-anthrazit-large.png","width":1299,"height":319,"caption":"PMAB. Anw\u00e4lte Avvocati"},"image":{"@id":"https:\/\/pmab.it\/it\/#\/schema\/logo\/image\/"}},{"@type":"Person","@id":"https:\/\/pmab.it\/it\/#\/schema\/person\/4253fc53149bb462a2c696ea7c744328","name":"Webmaster","image":{"@type":"ImageObject","inLanguage":"it-IT","@id":"https:\/\/secure.gravatar.com\/avatar\/bfa221db63a615db154bcb5b3b83101c01a68321277aead0e6863b31401c514b?s=96&d=mm&r=g","url":"https:\/\/secure.gravatar.com\/avatar\/bfa221db63a615db154bcb5b3b83101c01a68321277aead0e6863b31401c514b?s=96&d=mm&r=g","contentUrl":"https:\/\/secure.gravatar.com\/avatar\/bfa221db63a615db154bcb5b3b83101c01a68321277aead0e6863b31401c514b?s=96&d=mm&r=g","caption":"Webmaster"},"sameAs":["https:\/\/pmab.it"]}]}},"_links":{"self":[{"href":"https:\/\/pmab.it\/it\/wp-json\/wp\/v2\/posts\/928","targetHints":{"allow":["GET"]}}],"collection":[{"href":"https:\/\/pmab.it\/it\/wp-json\/wp\/v2\/posts"}],"about":[{"href":"https:\/\/pmab.it\/it\/wp-json\/wp\/v2\/types\/post"}],"author":[{"embeddable":true,"href":"https:\/\/pmab.it\/it\/wp-json\/wp\/v2\/users\/1"}],"replies":[{"embeddable":true,"href":"https:\/\/pmab.it\/it\/wp-json\/wp\/v2\/comments?post=928"}],"version-history":[{"count":0,"href":"https:\/\/pmab.it\/it\/wp-json\/wp\/v2\/posts\/928\/revisions"}],"wp:attachment":[{"href":"https:\/\/pmab.it\/it\/wp-json\/wp\/v2\/media?parent=928"}],"wp:term":[{"taxonomy":"category","embeddable":true,"href":"https:\/\/pmab.it\/it\/wp-json\/wp\/v2\/categories?post=928"},{"taxonomy":"post_tag","embeddable":true,"href":"https:\/\/pmab.it\/it\/wp-json\/wp\/v2\/tags?post=928"}],"curies":[{"name":"wp","href":"https:\/\/api.w.org\/{rel}","templated":true}]}}