{"id":946,"date":"2020-05-23T17:55:29","date_gmt":"2020-05-23T15:55:29","guid":{"rendered":"https:\/\/pmab.it\/?p=946"},"modified":"2025-01-28T17:55:47","modified_gmt":"2025-01-28T16:55:47","slug":"reisen-kann-ich-derzeit-ins-ausland-reisen-darf-ich-aus-dem-ausland-anreisen-und-falls-ja-muss-ich-danach-in-quarantaene","status":"publish","type":"post","link":"https:\/\/pmab.it\/it\/reisen-kann-ich-derzeit-ins-ausland-reisen-darf-ich-aus-dem-ausland-anreisen-und-falls-ja-muss-ich-danach-in-quarantaene\/","title":{"rendered":"Reisen \u2013 Kann ich derzeit ins Ausland reisen? Darf ich aus dem Ausland anreisen und falls ja, muss ich danach in Quarant\u00e4ne?"},"content":{"rendered":"<p>Die internationalen Ein- und Ausreisebeschr\u00e4nkungen infolge der COVID-19 Pandemie f\u00fchren nach wie vor zu gro\u00dfen Einschr\u00e4nkungen der Bewegungsfreiheit. Die starken Einbu\u00dfen im Tourismus, einem der st\u00e4rksten Wirtschaftssektoren Italiens, haben nun aber doch zu einer Lockerung der Reisebestimmungen gef\u00fchrt. Wir beleuchten nachfolgend die aktuelle Gesetzeslage und wagen einen Blick in die n\u00e4here Zukunft des transnationalen Reisens.<\/p>\n<p>Das Dekret des Ministerpr\u00e4sidenten vom 17. Mai 2020, ebenso wie die Dringlichkeitsma\u00dfnahme des Landeshauptmanns Dr. Arno Kompatscher Nr. 26 vom 19. Mai 2020 sehen vor, dass internationales Reisen bis zum 2. Juni nur aufgrund \u201enachgewiesener Arbeitsanfordernisse, Notwendigkeiten oder aus gesundheitlichen Gr\u00fcnden\u201c erfolgen d\u00fcrfen. Im Normalfall sind die\u00a0 Einreisen nach Italien und S\u00fcdtirol mit einer verpflichtenden zweiw\u00f6chigen Gesundheits\u00fcberwachung und eigenverantwortlichen Isolierung in der Wohnung oder dem Wohnsitz verbunden. Die Eigenerkl\u00e4rung,\u00a0 die der Reisende vor Antritt der Reise dem Betreiber des Bef\u00f6rderungsmittels \u00fcbergeben muss, ist im transnationalen Verkehr nach wie vor\u00a0 verpflichtend. Die Eigenerkl\u00e4rung hat in \u201eklarer und detaillierter Weise zum Zweck einer \u00dcberpr\u00fcfung durch die Bef\u00f6rderer\u201c die Gr\u00fcnde f\u00fcr die Reise, die vollst\u00e4ndige Anschrift des Wohnortes oder des Wohnsitzes in Italien, in welcher die Gesundheits\u00fcberwachung und Isolierung durchgef\u00fchrt wird, das private Verkehrsmittel, mit dem der Wohnort erreicht werden soll und weitere Kontaktinformationen zu enthalten. Weiters gilt es zu beachten, dass beim Einreisen die Verpflichtung besteht, auch wenn man keine Symptome aufweist, unverz\u00fcglich die Pr\u00e4ventionsabteilung des zust\u00e4ndigen Gesundheitsbetriebes \u00fcber die Einreise zu informieren.<\/p>\n<p>Folgende Personengruppen sind von den oben genannten Verpflichtungen explizit befreit: Einwohner der Europ\u00e4ischen Union, der Vertragsstaaten des Schengener Abkommens und einiger anderer europ\u00e4ischer Staaten, die aus nachgewiesenen Arbeitsgr\u00fcnden nach Italien einreisen. Ausserdem sind auch die Besatzung von Transportmitteln, reisendes Personal, Grenzpendler\u00a0 sowie Sch\u00fcler, Studenten und Lehrlinge, die einen Studiengang in einem anderen Staat als dem Wohnsitzstaat absolvieren und entweder t\u00e4glich oder einmal pro Woche nach S\u00fcdtirol oder Italien zur\u00fcckkehren von der oben aufgef\u00fchrten Regelung ausgenommen. Die Ausnahmeregelung gilt auch f\u00fcr Mitarbeiter von Unternehmen mit Sitz oder Zweitsitz in Italien f\u00fcr Reisen ins Ausland f\u00fcr nachgewiesene Arbeitserfordernisse, die nicht mehr als\u00a0 72 Stunden andauern.<\/p>\n<p>Land- und forstwirtschaftliche Arbeiter aus nicht EU-L\u00e4ndern m\u00fcssen sich hingegen weiterhin an die 14-t\u00e4gige Isolation halten, d\u00fcrfen w\u00e4hrend dieser Zeit aber trotzdem im Betrieb ihrer Unterbringung arbeiten.<\/p>\n<p>Internationale Reisen aus touristischen Gr\u00fcnden sind im Moment noch g\u00e4nzlich verboten.<\/p>\n<p>Ab dem 3. Juni kann der Tourismus laut derzeitigen Bestimmungen wieder etwas aufatmen: dann wird es n\u00e4mlich (\u201eunbeschadet etwaig notwendiger Beschr\u00e4nkungen\u201c) wieder m\u00f6glich sein, ohne obige Ma\u00dfnahmen aus den Mitgliedstaaten der Europ\u00e4ischen Union und aus anderen im Dekret des Ministerpr\u00e4sidenten genannten europ\u00e4ischen Staaten einzureisen.<\/p>\n<p>Ob italienische Staatsb\u00fcrger ihren Sommerurlaub ebenfalls im europ\u00e4ischen Ausland genie\u00dfen d\u00fcrfen, h\u00e4ngt von den Bestimmungen ab, welche die einzelnen europ\u00e4ischen Staaten festgelegt haben bzw. in den n\u00e4chsten Wochen noch festlegen werden und davon, welche bilateralen Abkommen mit einzelnen L\u00e4ndern verhandelt werden k\u00f6nnen.<\/p>\n<p>Die Europ\u00e4ische Kommission hat zur Unterst\u00fctzung der schrittweisen Aufhebung der Reisebeschr\u00e4nkungen am vergangen 13. Mai Leitlinien erlassen und sieht darin grundlegende Sicherheitsregelungen vor. Das Richtlinienpaket enth\u00e4lt unter anderem eine Gesamtstrategie f\u00fcr den geplanten Wiederaufschwung der europ\u00e4ischen Tourismusbranche sowie konkrete Sicherheitskriterien, an welche sich die einzelnen Tourismusdienstleister halten sollten. Sich daran orientierende Sicherheitsprotokolle sollen nach und nach in jedem europ\u00e4ischen Staat eingef\u00fchrt werden.<\/p>\n<p>Das europ\u00e4ische Tourismus- und Verkehrspaket hat reinen Empfehlungscharakter, da das Gesundheitswesen der ausschlie\u00dflichen Kompetenz der Mitgliedstaaten unterliegt. Die Leitlinien sollen unter anderem verhindern, dass der Grundsatz der Nichtdiskriminierung von den Mitgliedsstaaten verletzt wird: d.h.\u00a0 erlaubt ein Staat die Einreise, so sollte diese aus allen Regionen oder L\u00e4ndern der EU mit \u00e4hnlichen epidemiologischen Bedingungen ebenfalls erlaubt sein. Nichtsdestotrotz wird es aber wohl von Staat zu Staat\u00a0 weiterhin unterschiedliche Kriterien geben, die von EU B\u00fcrgern bei der Einreise ber\u00fccksichtigt und eingehalten werden m\u00fcssen.<\/p>\n<p>In den n\u00e4chsten Wochen werden wir zum Thema internationales Reisen daher sicher noch einiges erfahren und zu berichten haben.<\/p>\n<p>Bei spezifischen Rechtsfragen zum Thema sind wir gerne f\u00fcr Sie da.<\/p>\n","protected":false},"excerpt":{"rendered":"<p>Die internationalen Ein- und Ausreisebeschr\u00e4nkungen infolge der COVID-19 Pandemie f\u00fchren nach wie vor zu gro\u00dfen Einschr\u00e4nkungen der Bewegungsfreiheit. Die starken Einbu\u00dfen im Tourismus, einem der st\u00e4rksten Wirtschaftssektoren Italiens, haben nun aber doch zu einer Lockerung der Reisebestimmungen gef\u00fchrt. Wir beleuchten nachfolgend die aktuelle Gesetzeslage und wagen einen Blick in die n\u00e4here Zukunft des transnationalen Reisens. [&hellip;]<\/p>\n","protected":false},"author":1,"featured_media":0,"comment_status":"closed","ping_status":"closed","sticky":false,"template":"","format":"standard","meta":{"_acf_changed":false,"footnotes":""},"categories":[],"tags":[],"class_list":["post-946","post","type-post","status-publish","format-standard","hentry"],"acf":[],"yoast_head":"<!-- This site is optimized with the Yoast SEO plugin v27.3 - https:\/\/yoast.com\/product\/yoast-seo-wordpress\/ -->\n<title>Studio legale PMAB Bolzano \u2013 News &amp; Stampa \u2013 Reisen \u2013 Kann ich derzeit ins Ausland reisen? Darf ich aus dem Ausland anreisen und falls ja, muss ich danach in Quarant\u00e4ne?<\/title>\n<meta name=\"description\" content=\"Notizie, articoli e comunicati stampa dello studio legale PMAB a Bolzano. Aggiornamenti giuridici e novit\u00e0 dallo studio.\" \/>\n<meta name=\"robots\" content=\"index, follow, max-snippet:-1, max-image-preview:large, max-video-preview:-1\" \/>\n<link rel=\"canonical\" href=\"https:\/\/pmab.it\/it\/reisen-kann-ich-derzeit-ins-ausland-reisen-darf-ich-aus-dem-ausland-anreisen-und-falls-ja-muss-ich-danach-in-quarantaene\/\" \/>\n<meta property=\"og:locale\" content=\"it_IT\" \/>\n<meta property=\"og:type\" content=\"article\" \/>\n<meta property=\"og:title\" content=\"Studio legale PMAB Bolzano \u2013 News &amp; Stampa \u2013 Reisen \u2013 Kann ich derzeit ins Ausland reisen? Darf ich aus dem Ausland anreisen und falls ja, muss ich danach in Quarant\u00e4ne?\" \/>\n<meta property=\"og:description\" content=\"Notizie, articoli e comunicati stampa dello studio legale PMAB a Bolzano. Aggiornamenti giuridici e novit\u00e0 dallo studio.\" \/>\n<meta property=\"og:url\" content=\"https:\/\/pmab.it\/it\/reisen-kann-ich-derzeit-ins-ausland-reisen-darf-ich-aus-dem-ausland-anreisen-und-falls-ja-muss-ich-danach-in-quarantaene\/\" \/>\n<meta property=\"og:site_name\" content=\"PMAB\" \/>\n<meta property=\"article:published_time\" content=\"2020-05-23T15:55:29+00:00\" \/>\n<meta property=\"article:modified_time\" content=\"2025-01-28T16:55:47+00:00\" \/>\n<meta property=\"og:image\" content=\"https:\/\/pmab.it\/wp-content\/uploads\/2025\/02\/pmab-meeting-room-resized.jpg\" \/>\n\t<meta property=\"og:image:width\" content=\"2048\" \/>\n\t<meta property=\"og:image:height\" content=\"1363\" \/>\n\t<meta property=\"og:image:type\" content=\"image\/jpeg\" \/>\n<meta name=\"author\" content=\"Webmaster\" \/>\n<meta name=\"twitter:card\" content=\"summary_large_image\" \/>\n<meta name=\"twitter:label1\" content=\"Scritto da\" \/>\n\t<meta name=\"twitter:data1\" content=\"Webmaster\" \/>\n\t<meta name=\"twitter:label2\" content=\"Tempo di lettura stimato\" \/>\n\t<meta name=\"twitter:data2\" content=\"4 minuti\" \/>\n<script type=\"application\/ld+json\" class=\"yoast-schema-graph\">{\"@context\":\"https:\\\/\\\/schema.org\",\"@graph\":[{\"@type\":\"Article\",\"@id\":\"https:\\\/\\\/pmab.it\\\/it\\\/reisen-kann-ich-derzeit-ins-ausland-reisen-darf-ich-aus-dem-ausland-anreisen-und-falls-ja-muss-ich-danach-in-quarantaene\\\/#article\",\"isPartOf\":{\"@id\":\"https:\\\/\\\/pmab.it\\\/it\\\/reisen-kann-ich-derzeit-ins-ausland-reisen-darf-ich-aus-dem-ausland-anreisen-und-falls-ja-muss-ich-danach-in-quarantaene\\\/\"},\"author\":{\"name\":\"Webmaster\",\"@id\":\"https:\\\/\\\/pmab.it\\\/it\\\/#\\\/schema\\\/person\\\/4253fc53149bb462a2c696ea7c744328\"},\"headline\":\"Reisen \u2013 Kann ich derzeit ins Ausland reisen? Darf ich aus dem Ausland anreisen und falls ja, muss ich danach in Quarant\u00e4ne?\",\"datePublished\":\"2020-05-23T15:55:29+00:00\",\"dateModified\":\"2025-01-28T16:55:47+00:00\",\"mainEntityOfPage\":{\"@id\":\"https:\\\/\\\/pmab.it\\\/it\\\/reisen-kann-ich-derzeit-ins-ausland-reisen-darf-ich-aus-dem-ausland-anreisen-und-falls-ja-muss-ich-danach-in-quarantaene\\\/\"},\"wordCount\":718,\"publisher\":{\"@id\":\"https:\\\/\\\/pmab.it\\\/it\\\/#organization\"},\"inLanguage\":\"it-IT\"},{\"@type\":\"WebPage\",\"@id\":\"https:\\\/\\\/pmab.it\\\/it\\\/reisen-kann-ich-derzeit-ins-ausland-reisen-darf-ich-aus-dem-ausland-anreisen-und-falls-ja-muss-ich-danach-in-quarantaene\\\/\",\"url\":\"https:\\\/\\\/pmab.it\\\/it\\\/reisen-kann-ich-derzeit-ins-ausland-reisen-darf-ich-aus-dem-ausland-anreisen-und-falls-ja-muss-ich-danach-in-quarantaene\\\/\",\"name\":\"Studio legale PMAB Bolzano \u2013 News & Stampa \u2013 Reisen \u2013 Kann ich derzeit ins Ausland reisen? Darf ich aus dem Ausland anreisen und falls ja, muss ich danach in Quarant\u00e4ne?\",\"isPartOf\":{\"@id\":\"https:\\\/\\\/pmab.it\\\/it\\\/#website\"},\"datePublished\":\"2020-05-23T15:55:29+00:00\",\"dateModified\":\"2025-01-28T16:55:47+00:00\",\"description\":\"Notizie, articoli e comunicati stampa dello studio legale PMAB a Bolzano. Aggiornamenti giuridici e novit\u00e0 dallo studio.\",\"breadcrumb\":{\"@id\":\"https:\\\/\\\/pmab.it\\\/it\\\/reisen-kann-ich-derzeit-ins-ausland-reisen-darf-ich-aus-dem-ausland-anreisen-und-falls-ja-muss-ich-danach-in-quarantaene\\\/#breadcrumb\"},\"inLanguage\":\"it-IT\",\"potentialAction\":[{\"@type\":\"ReadAction\",\"target\":[\"https:\\\/\\\/pmab.it\\\/it\\\/reisen-kann-ich-derzeit-ins-ausland-reisen-darf-ich-aus-dem-ausland-anreisen-und-falls-ja-muss-ich-danach-in-quarantaene\\\/\"]}]},{\"@type\":\"BreadcrumbList\",\"@id\":\"https:\\\/\\\/pmab.it\\\/it\\\/reisen-kann-ich-derzeit-ins-ausland-reisen-darf-ich-aus-dem-ausland-anreisen-und-falls-ja-muss-ich-danach-in-quarantaene\\\/#breadcrumb\",\"itemListElement\":[{\"@type\":\"ListItem\",\"position\":1,\"name\":\"Home\",\"item\":\"https:\\\/\\\/pmab.it\\\/it\\\/\"},{\"@type\":\"ListItem\",\"position\":2,\"name\":\"Reisen \u2013 Kann ich derzeit ins Ausland reisen? Darf ich aus dem Ausland anreisen und falls ja, muss ich danach in Quarant\u00e4ne?\"}]},{\"@type\":\"WebSite\",\"@id\":\"https:\\\/\\\/pmab.it\\\/it\\\/#website\",\"url\":\"https:\\\/\\\/pmab.it\\\/it\\\/\",\"name\":\"PMAB. Anw\u00e4lte Avvocati\",\"description\":\"Lo studio legale PMAB a Bolzano e Merano offre assistenza in diritto civile, di famiglia, del lavoro, societario, amministrativo e tributario.\",\"publisher\":{\"@id\":\"https:\\\/\\\/pmab.it\\\/it\\\/#organization\"},\"alternateName\":\"PMAB - Anwaltskanzlei in Bozen und Meran\",\"potentialAction\":[{\"@type\":\"SearchAction\",\"target\":{\"@type\":\"EntryPoint\",\"urlTemplate\":\"https:\\\/\\\/pmab.it\\\/it\\\/?s={search_term_string}\"},\"query-input\":{\"@type\":\"PropertyValueSpecification\",\"valueRequired\":true,\"valueName\":\"search_term_string\"}}],\"inLanguage\":\"it-IT\"},{\"@type\":\"Organization\",\"@id\":\"https:\\\/\\\/pmab.it\\\/it\\\/#organization\",\"name\":\"PMAB. Anw\u00e4lte Avvocati\",\"url\":\"https:\\\/\\\/pmab.it\\\/it\\\/\",\"logo\":{\"@type\":\"ImageObject\",\"inLanguage\":\"it-IT\",\"@id\":\"https:\\\/\\\/pmab.it\\\/it\\\/#\\\/schema\\\/logo\\\/image\\\/\",\"url\":\"https:\\\/\\\/pmab.it\\\/wp-content\\\/uploads\\\/2024\\\/12\\\/PMAB-anthrazit-large.png\",\"contentUrl\":\"https:\\\/\\\/pmab.it\\\/wp-content\\\/uploads\\\/2024\\\/12\\\/PMAB-anthrazit-large.png\",\"width\":1299,\"height\":319,\"caption\":\"PMAB. Anw\u00e4lte Avvocati\"},\"image\":{\"@id\":\"https:\\\/\\\/pmab.it\\\/it\\\/#\\\/schema\\\/logo\\\/image\\\/\"}},{\"@type\":\"Person\",\"@id\":\"https:\\\/\\\/pmab.it\\\/it\\\/#\\\/schema\\\/person\\\/4253fc53149bb462a2c696ea7c744328\",\"name\":\"Webmaster\",\"image\":{\"@type\":\"ImageObject\",\"inLanguage\":\"it-IT\",\"@id\":\"https:\\\/\\\/secure.gravatar.com\\\/avatar\\\/bfa221db63a615db154bcb5b3b83101c01a68321277aead0e6863b31401c514b?s=96&d=mm&r=g\",\"url\":\"https:\\\/\\\/secure.gravatar.com\\\/avatar\\\/bfa221db63a615db154bcb5b3b83101c01a68321277aead0e6863b31401c514b?s=96&d=mm&r=g\",\"contentUrl\":\"https:\\\/\\\/secure.gravatar.com\\\/avatar\\\/bfa221db63a615db154bcb5b3b83101c01a68321277aead0e6863b31401c514b?s=96&d=mm&r=g\",\"caption\":\"Webmaster\"},\"sameAs\":[\"https:\\\/\\\/pmab.it\"]}]}<\/script>\n<!-- \/ Yoast SEO plugin. -->","yoast_head_json":{"title":"Studio legale PMAB Bolzano \u2013 News & Stampa \u2013 Reisen \u2013 Kann ich derzeit ins Ausland reisen? Darf ich aus dem Ausland anreisen und falls ja, muss ich danach in Quarant\u00e4ne?","description":"Notizie, articoli e comunicati stampa dello studio legale PMAB a Bolzano. Aggiornamenti giuridici e novit\u00e0 dallo studio.","robots":{"index":"index","follow":"follow","max-snippet":"max-snippet:-1","max-image-preview":"max-image-preview:large","max-video-preview":"max-video-preview:-1"},"canonical":"https:\/\/pmab.it\/it\/reisen-kann-ich-derzeit-ins-ausland-reisen-darf-ich-aus-dem-ausland-anreisen-und-falls-ja-muss-ich-danach-in-quarantaene\/","og_locale":"it_IT","og_type":"article","og_title":"Studio legale PMAB Bolzano \u2013 News & Stampa \u2013 Reisen \u2013 Kann ich derzeit ins Ausland reisen? Darf ich aus dem Ausland anreisen und falls ja, muss ich danach in Quarant\u00e4ne?","og_description":"Notizie, articoli e comunicati stampa dello studio legale PMAB a Bolzano. Aggiornamenti giuridici e novit\u00e0 dallo studio.","og_url":"https:\/\/pmab.it\/it\/reisen-kann-ich-derzeit-ins-ausland-reisen-darf-ich-aus-dem-ausland-anreisen-und-falls-ja-muss-ich-danach-in-quarantaene\/","og_site_name":"PMAB","article_published_time":"2020-05-23T15:55:29+00:00","article_modified_time":"2025-01-28T16:55:47+00:00","og_image":[{"width":2048,"height":1363,"url":"https:\/\/pmab.it\/wp-content\/uploads\/2025\/02\/pmab-meeting-room-resized.jpg","type":"image\/jpeg"}],"author":"Webmaster","twitter_card":"summary_large_image","twitter_misc":{"Scritto da":"Webmaster","Tempo di lettura stimato":"4 minuti"},"schema":{"@context":"https:\/\/schema.org","@graph":[{"@type":"Article","@id":"https:\/\/pmab.it\/it\/reisen-kann-ich-derzeit-ins-ausland-reisen-darf-ich-aus-dem-ausland-anreisen-und-falls-ja-muss-ich-danach-in-quarantaene\/#article","isPartOf":{"@id":"https:\/\/pmab.it\/it\/reisen-kann-ich-derzeit-ins-ausland-reisen-darf-ich-aus-dem-ausland-anreisen-und-falls-ja-muss-ich-danach-in-quarantaene\/"},"author":{"name":"Webmaster","@id":"https:\/\/pmab.it\/it\/#\/schema\/person\/4253fc53149bb462a2c696ea7c744328"},"headline":"Reisen \u2013 Kann ich derzeit ins Ausland reisen? Darf ich aus dem Ausland anreisen und falls ja, muss ich danach in Quarant\u00e4ne?","datePublished":"2020-05-23T15:55:29+00:00","dateModified":"2025-01-28T16:55:47+00:00","mainEntityOfPage":{"@id":"https:\/\/pmab.it\/it\/reisen-kann-ich-derzeit-ins-ausland-reisen-darf-ich-aus-dem-ausland-anreisen-und-falls-ja-muss-ich-danach-in-quarantaene\/"},"wordCount":718,"publisher":{"@id":"https:\/\/pmab.it\/it\/#organization"},"inLanguage":"it-IT"},{"@type":"WebPage","@id":"https:\/\/pmab.it\/it\/reisen-kann-ich-derzeit-ins-ausland-reisen-darf-ich-aus-dem-ausland-anreisen-und-falls-ja-muss-ich-danach-in-quarantaene\/","url":"https:\/\/pmab.it\/it\/reisen-kann-ich-derzeit-ins-ausland-reisen-darf-ich-aus-dem-ausland-anreisen-und-falls-ja-muss-ich-danach-in-quarantaene\/","name":"Studio legale PMAB Bolzano \u2013 News & Stampa \u2013 Reisen \u2013 Kann ich derzeit ins Ausland reisen? Darf ich aus dem Ausland anreisen und falls ja, muss ich danach in Quarant\u00e4ne?","isPartOf":{"@id":"https:\/\/pmab.it\/it\/#website"},"datePublished":"2020-05-23T15:55:29+00:00","dateModified":"2025-01-28T16:55:47+00:00","description":"Notizie, articoli e comunicati stampa dello studio legale PMAB a Bolzano. Aggiornamenti giuridici e novit\u00e0 dallo studio.","breadcrumb":{"@id":"https:\/\/pmab.it\/it\/reisen-kann-ich-derzeit-ins-ausland-reisen-darf-ich-aus-dem-ausland-anreisen-und-falls-ja-muss-ich-danach-in-quarantaene\/#breadcrumb"},"inLanguage":"it-IT","potentialAction":[{"@type":"ReadAction","target":["https:\/\/pmab.it\/it\/reisen-kann-ich-derzeit-ins-ausland-reisen-darf-ich-aus-dem-ausland-anreisen-und-falls-ja-muss-ich-danach-in-quarantaene\/"]}]},{"@type":"BreadcrumbList","@id":"https:\/\/pmab.it\/it\/reisen-kann-ich-derzeit-ins-ausland-reisen-darf-ich-aus-dem-ausland-anreisen-und-falls-ja-muss-ich-danach-in-quarantaene\/#breadcrumb","itemListElement":[{"@type":"ListItem","position":1,"name":"Home","item":"https:\/\/pmab.it\/it\/"},{"@type":"ListItem","position":2,"name":"Reisen \u2013 Kann ich derzeit ins Ausland reisen? Darf ich aus dem Ausland anreisen und falls ja, muss ich danach in Quarant\u00e4ne?"}]},{"@type":"WebSite","@id":"https:\/\/pmab.it\/it\/#website","url":"https:\/\/pmab.it\/it\/","name":"PMAB. Anw\u00e4lte Avvocati","description":"Lo studio legale PMAB a Bolzano e Merano offre assistenza in diritto civile, di famiglia, del lavoro, societario, amministrativo e tributario.","publisher":{"@id":"https:\/\/pmab.it\/it\/#organization"},"alternateName":"PMAB - Anwaltskanzlei in Bozen und Meran","potentialAction":[{"@type":"SearchAction","target":{"@type":"EntryPoint","urlTemplate":"https:\/\/pmab.it\/it\/?s={search_term_string}"},"query-input":{"@type":"PropertyValueSpecification","valueRequired":true,"valueName":"search_term_string"}}],"inLanguage":"it-IT"},{"@type":"Organization","@id":"https:\/\/pmab.it\/it\/#organization","name":"PMAB. Anw\u00e4lte Avvocati","url":"https:\/\/pmab.it\/it\/","logo":{"@type":"ImageObject","inLanguage":"it-IT","@id":"https:\/\/pmab.it\/it\/#\/schema\/logo\/image\/","url":"https:\/\/pmab.it\/wp-content\/uploads\/2024\/12\/PMAB-anthrazit-large.png","contentUrl":"https:\/\/pmab.it\/wp-content\/uploads\/2024\/12\/PMAB-anthrazit-large.png","width":1299,"height":319,"caption":"PMAB. Anw\u00e4lte Avvocati"},"image":{"@id":"https:\/\/pmab.it\/it\/#\/schema\/logo\/image\/"}},{"@type":"Person","@id":"https:\/\/pmab.it\/it\/#\/schema\/person\/4253fc53149bb462a2c696ea7c744328","name":"Webmaster","image":{"@type":"ImageObject","inLanguage":"it-IT","@id":"https:\/\/secure.gravatar.com\/avatar\/bfa221db63a615db154bcb5b3b83101c01a68321277aead0e6863b31401c514b?s=96&d=mm&r=g","url":"https:\/\/secure.gravatar.com\/avatar\/bfa221db63a615db154bcb5b3b83101c01a68321277aead0e6863b31401c514b?s=96&d=mm&r=g","contentUrl":"https:\/\/secure.gravatar.com\/avatar\/bfa221db63a615db154bcb5b3b83101c01a68321277aead0e6863b31401c514b?s=96&d=mm&r=g","caption":"Webmaster"},"sameAs":["https:\/\/pmab.it"]}]}},"_links":{"self":[{"href":"https:\/\/pmab.it\/it\/wp-json\/wp\/v2\/posts\/946","targetHints":{"allow":["GET"]}}],"collection":[{"href":"https:\/\/pmab.it\/it\/wp-json\/wp\/v2\/posts"}],"about":[{"href":"https:\/\/pmab.it\/it\/wp-json\/wp\/v2\/types\/post"}],"author":[{"embeddable":true,"href":"https:\/\/pmab.it\/it\/wp-json\/wp\/v2\/users\/1"}],"replies":[{"embeddable":true,"href":"https:\/\/pmab.it\/it\/wp-json\/wp\/v2\/comments?post=946"}],"version-history":[{"count":0,"href":"https:\/\/pmab.it\/it\/wp-json\/wp\/v2\/posts\/946\/revisions"}],"wp:attachment":[{"href":"https:\/\/pmab.it\/it\/wp-json\/wp\/v2\/media?parent=946"}],"wp:term":[{"taxonomy":"category","embeddable":true,"href":"https:\/\/pmab.it\/it\/wp-json\/wp\/v2\/categories?post=946"},{"taxonomy":"post_tag","embeddable":true,"href":"https:\/\/pmab.it\/it\/wp-json\/wp\/v2\/tags?post=946"}],"curies":[{"name":"wp","href":"https:\/\/api.w.org\/{rel}","templated":true}]}}