{"id":948,"date":"2020-06-09T17:56:38","date_gmt":"2020-06-09T15:56:38","guid":{"rendered":"https:\/\/pmab.it\/?p=948"},"modified":"2025-01-28T17:56:52","modified_gmt":"2025-01-28T16:56:52","slug":"nun-ist-es-gesetzlich-verankert-durch-die-einhaltung-der-geltenden-sicherheitsprotokolle-wird-der-arbeitgeber-seiner-schutzfunktion-der-arbeitsbedingungen-gerecht","status":"publish","type":"post","link":"https:\/\/pmab.it\/it\/nun-ist-es-gesetzlich-verankert-durch-die-einhaltung-der-geltenden-sicherheitsprotokolle-wird-der-arbeitgeber-seiner-schutzfunktion-der-arbeitsbedingungen-gerecht\/","title":{"rendered":"Nun ist es gesetzlich verankert: durch die Einhaltung der geltenden Sicherheitsprotokolle wird der Arbeitgeber seiner Schutzfunktion der Arbeitsbedingungen gerecht"},"content":{"rendered":"<p>Wie bereits in unseren letzten News berichtet (siehe Beitr\u00e4ge vom 16. Mai, 15. Mai und 15. April 2020), kann der Arbeitgeber einer eventuellen Haftung f\u00fcr Arbeitsunf\u00e4lle wegen Covid-19 durch strikte Einhaltung der geltenden Sicherheitsprotokolle vorbeugen.<\/p>\n<p>Selbige Rechtsmeinung wurde vom INAIL in dessen Rundschreiben vom 15.05.2020 vertreten (wir hatten davon berichtet). Die Haftung des Arbeitgebers \u2013 so das Rundschreiben \u2013 k\u00f6nne nur dann festgestellt werden, wenn dieser die Sicherheitsprotokolle nicht einhielte und den Arbeitsunfall dadurch schuldhaft zu vertreten (sprich fahrl\u00e4ssig verursacht oder nicht unterbunden) habe.<\/p>\n<p>Das Rundschreiben hat jedoch nach wie vor eine Vielzahl an Arbeitgebern beunruhigt, da selbiges keine gesetzes\u00e4hnliche Wirkung entfaltet und im Streitfall f\u00fcr den Richter in dessen Entscheidungsfindung nicht bindend ist.<\/p>\n<p>Vor diesem Hintergrund ist j\u00fcngst der Gesetzgeber t\u00e4tig geworden.<\/p>\n<p>So schreibt der Artikel 29-<em>bis<\/em>\u00a0des G.D. Nr. 23 vom 08.04.2020\u00a0<em>(sog. Decreto Liquidit\u00e0)<\/em>, umgewandelt in Gesetz Nr. 40 vom 05.06.2020, nunmehr hinsichtlich Covid-19-bedingter Arbeitsunf\u00e4lle ausdr\u00fccklich fest, dass die Arbeitgeber ihrer Schutzfunktion der Arbeitsbedingungen gem\u00e4\u00df Artikel 2087 des Zivilgesetzbuches dadurch gerecht werden, indem sie die nationalen und lokalen Sicherheitsprotokolle anwenden.<\/p>\n<p>Die Bestimmung ist seit vorgestern (07.06.2020) in Kraft und gilt gleicherma\u00dfen f\u00fcr \u00f6ffentliche und private Arbeitgeber.<\/p>\n<p>In Bezug auf die Ansteckung mit SARS-CoV-2 am Arbeitsplatz, grenzt der Gesetzgeber dadurch die allgemeine, offene Formulierung des Artikels 2087 Zivilgesetzbuch \u00fcber die Sicherheitsvorkehrungen am Arbeitsplatz\u00a0<em>(\u201eMa\u00dfnahmen, die nach der besonderen Art der Arbeit, nach der Erfahrung und dem Stand der Technik zum Schutz der k\u00f6rperlichen Unversehrtheit der Arbeitnehmer notwendig sind\u201c)<\/em>, gezielt auf die Einhaltung der Sicherheitsprotokolle ein.<\/p>\n<p>In einem S\u00fcdtirol-spezifischen Kontext haben die Arbeitgeber insbesondere den nachstehenden Ma\u00dfnahmen gerecht zu werden:<\/p>\n<ul>\n<li><em>\u201eGemeinsames Protokoll zur Erg\u00e4nzung des Protokolls zur Regelung der Ma\u00dfnahmen zur Bek\u00e4mpfung und Eind\u00e4mmung der Verbreitung des Virus Covid-19 am Arbeitsplatz vom 14. M\u00e4rz 2020\u201d<\/em>, welches am 24. April 2020 von der nationalen Regierung und den Sozialpartnern unterzeichnet wurde;<\/li>\n<li>s\u00e4mtliche Sicherheitsprotokolle, die dem Landesgesetz Nr. 4 vom 08.05.2020, durch welches in S\u00fcdtirol bekanntlich die \u201ePhase 2\u201c eingeleitet und die Wiederaufnahme der wirtschaftlichen T\u00e4tigkeit erlaubt wurden, als Anlage beigef\u00fcgt sind, wobei die Anlage A zum Landesgesetz nachtr\u00e4glich abge\u00e4ndert wurde (das Landesgesetz und die Sicherheitsprotokolle finden Sie hier:\u00a0<a href=\"http:\/\/www.regione.taa.it\/bur\/pdf\/I-II\/2020\/19\/N2\/N2192001.pdf\">http:\/\/www.regione.taa.it\/bur\/pdf\/I-II\/2020\/19\/N2\/N2192001.pdf<\/a>. Die Abwandlung der Anlage A zum Landesgesetz ist hier ersichtlich, ab Seite 44:\u00a0<a href=\"http:\/\/www.regione.taa.it\/bur\/pdf\/I-II\/2020\/22\/BO\/BO222001.pdf\">http:\/\/www.regione.taa.it\/bur\/pdf\/I-II\/2020\/22\/BO\/BO222001.pdf<\/a>).<\/li>\n<\/ul>\n<p>Das j\u00fcngste Einschreiten des Gesetzgebers unterstreicht die Notwendigkeit, die Haftung des Arbeitgebers stets nach dem Verschuldensprinzip im Allgemeinen sowie im Lichte der Einhaltung der Sicherheitsprotokolle im Speziellen zu er\u00f6rtern. Eine objektive, sprich verschuldensunabh\u00e4ngige Verantwortung des Arbeitgebers f\u00fcr Covid-19-bedingte Arbeitsunf\u00e4lle scheint in der Folge zunehmend ausgeschlossen.<\/p>\n<p>Bei spezifischen Rechtsfragen zum Thema sind wir gerne f\u00fcr Sie da.<\/p>\n","protected":false},"excerpt":{"rendered":"<p>Wie bereits in unseren letzten News berichtet (siehe Beitr\u00e4ge vom 16. Mai, 15. Mai und 15. April 2020), kann der Arbeitgeber einer eventuellen Haftung f\u00fcr Arbeitsunf\u00e4lle wegen Covid-19 durch strikte Einhaltung der geltenden Sicherheitsprotokolle vorbeugen. Selbige Rechtsmeinung wurde vom INAIL in dessen Rundschreiben vom 15.05.2020 vertreten (wir hatten davon berichtet). Die Haftung des Arbeitgebers \u2013 [&hellip;]<\/p>\n","protected":false},"author":1,"featured_media":0,"comment_status":"closed","ping_status":"closed","sticky":false,"template":"","format":"standard","meta":{"_acf_changed":false,"footnotes":""},"categories":[1],"tags":[],"class_list":["post-948","post","type-post","status-publish","format-standard","hentry","category-unkategorisiert"],"acf":[],"yoast_head":"<!-- This site is optimized with the Yoast SEO plugin v27.3 - https:\/\/yoast.com\/product\/yoast-seo-wordpress\/ -->\n<title>Studio legale PMAB Bolzano \u2013 News &amp; Stampa \u2013 Nun ist es gesetzlich verankert: durch die Einhaltung der geltenden Sicherheitsprotokolle wird der Arbeitgeber seiner Schutzfunktion der Arbeitsbedingungen gerecht<\/title>\n<meta name=\"description\" content=\"Notizie, articoli e comunicati stampa dello studio legale PMAB a Bolzano. Aggiornamenti giuridici e novit\u00e0 dallo studio.\" \/>\n<meta name=\"robots\" content=\"index, follow, max-snippet:-1, max-image-preview:large, max-video-preview:-1\" \/>\n<link rel=\"canonical\" href=\"https:\/\/pmab.it\/it\/nun-ist-es-gesetzlich-verankert-durch-die-einhaltung-der-geltenden-sicherheitsprotokolle-wird-der-arbeitgeber-seiner-schutzfunktion-der-arbeitsbedingungen-gerecht\/\" \/>\n<meta property=\"og:locale\" content=\"it_IT\" \/>\n<meta property=\"og:type\" content=\"article\" \/>\n<meta property=\"og:title\" content=\"Studio legale PMAB Bolzano \u2013 News &amp; Stampa \u2013 Nun ist es gesetzlich verankert: durch die Einhaltung der geltenden Sicherheitsprotokolle wird der Arbeitgeber seiner Schutzfunktion der Arbeitsbedingungen gerecht\" \/>\n<meta property=\"og:description\" content=\"Notizie, articoli e comunicati stampa dello studio legale PMAB a Bolzano. Aggiornamenti giuridici e novit\u00e0 dallo studio.\" \/>\n<meta property=\"og:url\" content=\"https:\/\/pmab.it\/it\/nun-ist-es-gesetzlich-verankert-durch-die-einhaltung-der-geltenden-sicherheitsprotokolle-wird-der-arbeitgeber-seiner-schutzfunktion-der-arbeitsbedingungen-gerecht\/\" \/>\n<meta property=\"og:site_name\" content=\"PMAB\" \/>\n<meta property=\"article:published_time\" content=\"2020-06-09T15:56:38+00:00\" \/>\n<meta property=\"article:modified_time\" content=\"2025-01-28T16:56:52+00:00\" \/>\n<meta property=\"og:image\" content=\"https:\/\/pmab.it\/wp-content\/uploads\/2025\/02\/pmab-meeting-room-resized.jpg\" \/>\n\t<meta property=\"og:image:width\" content=\"2048\" \/>\n\t<meta property=\"og:image:height\" content=\"1363\" \/>\n\t<meta property=\"og:image:type\" content=\"image\/jpeg\" \/>\n<meta name=\"author\" content=\"Webmaster\" \/>\n<meta name=\"twitter:card\" content=\"summary_large_image\" \/>\n<meta name=\"twitter:label1\" content=\"Scritto da\" \/>\n\t<meta name=\"twitter:data1\" content=\"Webmaster\" \/>\n\t<meta name=\"twitter:label2\" content=\"Tempo di lettura stimato\" \/>\n\t<meta name=\"twitter:data2\" content=\"3 minuti\" \/>\n<script type=\"application\/ld+json\" class=\"yoast-schema-graph\">{\"@context\":\"https:\\\/\\\/schema.org\",\"@graph\":[{\"@type\":\"Article\",\"@id\":\"https:\\\/\\\/pmab.it\\\/it\\\/nun-ist-es-gesetzlich-verankert-durch-die-einhaltung-der-geltenden-sicherheitsprotokolle-wird-der-arbeitgeber-seiner-schutzfunktion-der-arbeitsbedingungen-gerecht\\\/#article\",\"isPartOf\":{\"@id\":\"https:\\\/\\\/pmab.it\\\/it\\\/nun-ist-es-gesetzlich-verankert-durch-die-einhaltung-der-geltenden-sicherheitsprotokolle-wird-der-arbeitgeber-seiner-schutzfunktion-der-arbeitsbedingungen-gerecht\\\/\"},\"author\":{\"name\":\"Webmaster\",\"@id\":\"https:\\\/\\\/pmab.it\\\/it\\\/#\\\/schema\\\/person\\\/4253fc53149bb462a2c696ea7c744328\"},\"headline\":\"Nun ist es gesetzlich verankert: durch die Einhaltung der geltenden Sicherheitsprotokolle wird der Arbeitgeber seiner Schutzfunktion der Arbeitsbedingungen gerecht\",\"datePublished\":\"2020-06-09T15:56:38+00:00\",\"dateModified\":\"2025-01-28T16:56:52+00:00\",\"mainEntityOfPage\":{\"@id\":\"https:\\\/\\\/pmab.it\\\/it\\\/nun-ist-es-gesetzlich-verankert-durch-die-einhaltung-der-geltenden-sicherheitsprotokolle-wird-der-arbeitgeber-seiner-schutzfunktion-der-arbeitsbedingungen-gerecht\\\/\"},\"wordCount\":472,\"publisher\":{\"@id\":\"https:\\\/\\\/pmab.it\\\/it\\\/#organization\"},\"articleSection\":[\"Unkategorisiert\"],\"inLanguage\":\"it-IT\"},{\"@type\":\"WebPage\",\"@id\":\"https:\\\/\\\/pmab.it\\\/it\\\/nun-ist-es-gesetzlich-verankert-durch-die-einhaltung-der-geltenden-sicherheitsprotokolle-wird-der-arbeitgeber-seiner-schutzfunktion-der-arbeitsbedingungen-gerecht\\\/\",\"url\":\"https:\\\/\\\/pmab.it\\\/it\\\/nun-ist-es-gesetzlich-verankert-durch-die-einhaltung-der-geltenden-sicherheitsprotokolle-wird-der-arbeitgeber-seiner-schutzfunktion-der-arbeitsbedingungen-gerecht\\\/\",\"name\":\"Studio legale PMAB Bolzano \u2013 News & Stampa \u2013 Nun ist es gesetzlich verankert: durch die Einhaltung der geltenden Sicherheitsprotokolle wird der Arbeitgeber seiner Schutzfunktion der Arbeitsbedingungen gerecht\",\"isPartOf\":{\"@id\":\"https:\\\/\\\/pmab.it\\\/it\\\/#website\"},\"datePublished\":\"2020-06-09T15:56:38+00:00\",\"dateModified\":\"2025-01-28T16:56:52+00:00\",\"description\":\"Notizie, articoli e comunicati stampa dello studio legale PMAB a Bolzano. Aggiornamenti giuridici e novit\u00e0 dallo studio.\",\"breadcrumb\":{\"@id\":\"https:\\\/\\\/pmab.it\\\/it\\\/nun-ist-es-gesetzlich-verankert-durch-die-einhaltung-der-geltenden-sicherheitsprotokolle-wird-der-arbeitgeber-seiner-schutzfunktion-der-arbeitsbedingungen-gerecht\\\/#breadcrumb\"},\"inLanguage\":\"it-IT\",\"potentialAction\":[{\"@type\":\"ReadAction\",\"target\":[\"https:\\\/\\\/pmab.it\\\/it\\\/nun-ist-es-gesetzlich-verankert-durch-die-einhaltung-der-geltenden-sicherheitsprotokolle-wird-der-arbeitgeber-seiner-schutzfunktion-der-arbeitsbedingungen-gerecht\\\/\"]}]},{\"@type\":\"BreadcrumbList\",\"@id\":\"https:\\\/\\\/pmab.it\\\/it\\\/nun-ist-es-gesetzlich-verankert-durch-die-einhaltung-der-geltenden-sicherheitsprotokolle-wird-der-arbeitgeber-seiner-schutzfunktion-der-arbeitsbedingungen-gerecht\\\/#breadcrumb\",\"itemListElement\":[{\"@type\":\"ListItem\",\"position\":1,\"name\":\"Home\",\"item\":\"https:\\\/\\\/pmab.it\\\/it\\\/\"},{\"@type\":\"ListItem\",\"position\":2,\"name\":\"Nun ist es gesetzlich verankert: durch die Einhaltung der geltenden Sicherheitsprotokolle wird der Arbeitgeber seiner Schutzfunktion der Arbeitsbedingungen gerecht\"}]},{\"@type\":\"WebSite\",\"@id\":\"https:\\\/\\\/pmab.it\\\/it\\\/#website\",\"url\":\"https:\\\/\\\/pmab.it\\\/it\\\/\",\"name\":\"PMAB. Anw\u00e4lte Avvocati\",\"description\":\"Lo studio legale PMAB a Bolzano e Merano offre assistenza in diritto civile, di famiglia, del lavoro, societario, amministrativo e tributario.\",\"publisher\":{\"@id\":\"https:\\\/\\\/pmab.it\\\/it\\\/#organization\"},\"alternateName\":\"PMAB - Anwaltskanzlei in Bozen und Meran\",\"potentialAction\":[{\"@type\":\"SearchAction\",\"target\":{\"@type\":\"EntryPoint\",\"urlTemplate\":\"https:\\\/\\\/pmab.it\\\/it\\\/?s={search_term_string}\"},\"query-input\":{\"@type\":\"PropertyValueSpecification\",\"valueRequired\":true,\"valueName\":\"search_term_string\"}}],\"inLanguage\":\"it-IT\"},{\"@type\":\"Organization\",\"@id\":\"https:\\\/\\\/pmab.it\\\/it\\\/#organization\",\"name\":\"PMAB. Anw\u00e4lte Avvocati\",\"url\":\"https:\\\/\\\/pmab.it\\\/it\\\/\",\"logo\":{\"@type\":\"ImageObject\",\"inLanguage\":\"it-IT\",\"@id\":\"https:\\\/\\\/pmab.it\\\/it\\\/#\\\/schema\\\/logo\\\/image\\\/\",\"url\":\"https:\\\/\\\/pmab.it\\\/wp-content\\\/uploads\\\/2024\\\/12\\\/PMAB-anthrazit-large.png\",\"contentUrl\":\"https:\\\/\\\/pmab.it\\\/wp-content\\\/uploads\\\/2024\\\/12\\\/PMAB-anthrazit-large.png\",\"width\":1299,\"height\":319,\"caption\":\"PMAB. Anw\u00e4lte Avvocati\"},\"image\":{\"@id\":\"https:\\\/\\\/pmab.it\\\/it\\\/#\\\/schema\\\/logo\\\/image\\\/\"}},{\"@type\":\"Person\",\"@id\":\"https:\\\/\\\/pmab.it\\\/it\\\/#\\\/schema\\\/person\\\/4253fc53149bb462a2c696ea7c744328\",\"name\":\"Webmaster\",\"image\":{\"@type\":\"ImageObject\",\"inLanguage\":\"it-IT\",\"@id\":\"https:\\\/\\\/secure.gravatar.com\\\/avatar\\\/bfa221db63a615db154bcb5b3b83101c01a68321277aead0e6863b31401c514b?s=96&d=mm&r=g\",\"url\":\"https:\\\/\\\/secure.gravatar.com\\\/avatar\\\/bfa221db63a615db154bcb5b3b83101c01a68321277aead0e6863b31401c514b?s=96&d=mm&r=g\",\"contentUrl\":\"https:\\\/\\\/secure.gravatar.com\\\/avatar\\\/bfa221db63a615db154bcb5b3b83101c01a68321277aead0e6863b31401c514b?s=96&d=mm&r=g\",\"caption\":\"Webmaster\"},\"sameAs\":[\"https:\\\/\\\/pmab.it\"]}]}<\/script>\n<!-- \/ Yoast SEO plugin. -->","yoast_head_json":{"title":"Studio legale PMAB Bolzano \u2013 News & Stampa \u2013 Nun ist es gesetzlich verankert: durch die Einhaltung der geltenden Sicherheitsprotokolle wird der Arbeitgeber seiner Schutzfunktion der Arbeitsbedingungen gerecht","description":"Notizie, articoli e comunicati stampa dello studio legale PMAB a Bolzano. Aggiornamenti giuridici e novit\u00e0 dallo studio.","robots":{"index":"index","follow":"follow","max-snippet":"max-snippet:-1","max-image-preview":"max-image-preview:large","max-video-preview":"max-video-preview:-1"},"canonical":"https:\/\/pmab.it\/it\/nun-ist-es-gesetzlich-verankert-durch-die-einhaltung-der-geltenden-sicherheitsprotokolle-wird-der-arbeitgeber-seiner-schutzfunktion-der-arbeitsbedingungen-gerecht\/","og_locale":"it_IT","og_type":"article","og_title":"Studio legale PMAB Bolzano \u2013 News & Stampa \u2013 Nun ist es gesetzlich verankert: durch die Einhaltung der geltenden Sicherheitsprotokolle wird der Arbeitgeber seiner Schutzfunktion der Arbeitsbedingungen gerecht","og_description":"Notizie, articoli e comunicati stampa dello studio legale PMAB a Bolzano. Aggiornamenti giuridici e novit\u00e0 dallo studio.","og_url":"https:\/\/pmab.it\/it\/nun-ist-es-gesetzlich-verankert-durch-die-einhaltung-der-geltenden-sicherheitsprotokolle-wird-der-arbeitgeber-seiner-schutzfunktion-der-arbeitsbedingungen-gerecht\/","og_site_name":"PMAB","article_published_time":"2020-06-09T15:56:38+00:00","article_modified_time":"2025-01-28T16:56:52+00:00","og_image":[{"width":2048,"height":1363,"url":"https:\/\/pmab.it\/wp-content\/uploads\/2025\/02\/pmab-meeting-room-resized.jpg","type":"image\/jpeg"}],"author":"Webmaster","twitter_card":"summary_large_image","twitter_misc":{"Scritto da":"Webmaster","Tempo di lettura stimato":"3 minuti"},"schema":{"@context":"https:\/\/schema.org","@graph":[{"@type":"Article","@id":"https:\/\/pmab.it\/it\/nun-ist-es-gesetzlich-verankert-durch-die-einhaltung-der-geltenden-sicherheitsprotokolle-wird-der-arbeitgeber-seiner-schutzfunktion-der-arbeitsbedingungen-gerecht\/#article","isPartOf":{"@id":"https:\/\/pmab.it\/it\/nun-ist-es-gesetzlich-verankert-durch-die-einhaltung-der-geltenden-sicherheitsprotokolle-wird-der-arbeitgeber-seiner-schutzfunktion-der-arbeitsbedingungen-gerecht\/"},"author":{"name":"Webmaster","@id":"https:\/\/pmab.it\/it\/#\/schema\/person\/4253fc53149bb462a2c696ea7c744328"},"headline":"Nun ist es gesetzlich verankert: durch die Einhaltung der geltenden Sicherheitsprotokolle wird der Arbeitgeber seiner Schutzfunktion der Arbeitsbedingungen gerecht","datePublished":"2020-06-09T15:56:38+00:00","dateModified":"2025-01-28T16:56:52+00:00","mainEntityOfPage":{"@id":"https:\/\/pmab.it\/it\/nun-ist-es-gesetzlich-verankert-durch-die-einhaltung-der-geltenden-sicherheitsprotokolle-wird-der-arbeitgeber-seiner-schutzfunktion-der-arbeitsbedingungen-gerecht\/"},"wordCount":472,"publisher":{"@id":"https:\/\/pmab.it\/it\/#organization"},"articleSection":["Unkategorisiert"],"inLanguage":"it-IT"},{"@type":"WebPage","@id":"https:\/\/pmab.it\/it\/nun-ist-es-gesetzlich-verankert-durch-die-einhaltung-der-geltenden-sicherheitsprotokolle-wird-der-arbeitgeber-seiner-schutzfunktion-der-arbeitsbedingungen-gerecht\/","url":"https:\/\/pmab.it\/it\/nun-ist-es-gesetzlich-verankert-durch-die-einhaltung-der-geltenden-sicherheitsprotokolle-wird-der-arbeitgeber-seiner-schutzfunktion-der-arbeitsbedingungen-gerecht\/","name":"Studio legale PMAB Bolzano \u2013 News & Stampa \u2013 Nun ist es gesetzlich verankert: durch die Einhaltung der geltenden Sicherheitsprotokolle wird der Arbeitgeber seiner Schutzfunktion der Arbeitsbedingungen gerecht","isPartOf":{"@id":"https:\/\/pmab.it\/it\/#website"},"datePublished":"2020-06-09T15:56:38+00:00","dateModified":"2025-01-28T16:56:52+00:00","description":"Notizie, articoli e comunicati stampa dello studio legale PMAB a Bolzano. Aggiornamenti giuridici e novit\u00e0 dallo studio.","breadcrumb":{"@id":"https:\/\/pmab.it\/it\/nun-ist-es-gesetzlich-verankert-durch-die-einhaltung-der-geltenden-sicherheitsprotokolle-wird-der-arbeitgeber-seiner-schutzfunktion-der-arbeitsbedingungen-gerecht\/#breadcrumb"},"inLanguage":"it-IT","potentialAction":[{"@type":"ReadAction","target":["https:\/\/pmab.it\/it\/nun-ist-es-gesetzlich-verankert-durch-die-einhaltung-der-geltenden-sicherheitsprotokolle-wird-der-arbeitgeber-seiner-schutzfunktion-der-arbeitsbedingungen-gerecht\/"]}]},{"@type":"BreadcrumbList","@id":"https:\/\/pmab.it\/it\/nun-ist-es-gesetzlich-verankert-durch-die-einhaltung-der-geltenden-sicherheitsprotokolle-wird-der-arbeitgeber-seiner-schutzfunktion-der-arbeitsbedingungen-gerecht\/#breadcrumb","itemListElement":[{"@type":"ListItem","position":1,"name":"Home","item":"https:\/\/pmab.it\/it\/"},{"@type":"ListItem","position":2,"name":"Nun ist es gesetzlich verankert: durch die Einhaltung der geltenden Sicherheitsprotokolle wird der Arbeitgeber seiner Schutzfunktion der Arbeitsbedingungen gerecht"}]},{"@type":"WebSite","@id":"https:\/\/pmab.it\/it\/#website","url":"https:\/\/pmab.it\/it\/","name":"PMAB. Anw\u00e4lte Avvocati","description":"Lo studio legale PMAB a Bolzano e Merano offre assistenza in diritto civile, di famiglia, del lavoro, societario, amministrativo e tributario.","publisher":{"@id":"https:\/\/pmab.it\/it\/#organization"},"alternateName":"PMAB - Anwaltskanzlei in Bozen und Meran","potentialAction":[{"@type":"SearchAction","target":{"@type":"EntryPoint","urlTemplate":"https:\/\/pmab.it\/it\/?s={search_term_string}"},"query-input":{"@type":"PropertyValueSpecification","valueRequired":true,"valueName":"search_term_string"}}],"inLanguage":"it-IT"},{"@type":"Organization","@id":"https:\/\/pmab.it\/it\/#organization","name":"PMAB. Anw\u00e4lte Avvocati","url":"https:\/\/pmab.it\/it\/","logo":{"@type":"ImageObject","inLanguage":"it-IT","@id":"https:\/\/pmab.it\/it\/#\/schema\/logo\/image\/","url":"https:\/\/pmab.it\/wp-content\/uploads\/2024\/12\/PMAB-anthrazit-large.png","contentUrl":"https:\/\/pmab.it\/wp-content\/uploads\/2024\/12\/PMAB-anthrazit-large.png","width":1299,"height":319,"caption":"PMAB. Anw\u00e4lte Avvocati"},"image":{"@id":"https:\/\/pmab.it\/it\/#\/schema\/logo\/image\/"}},{"@type":"Person","@id":"https:\/\/pmab.it\/it\/#\/schema\/person\/4253fc53149bb462a2c696ea7c744328","name":"Webmaster","image":{"@type":"ImageObject","inLanguage":"it-IT","@id":"https:\/\/secure.gravatar.com\/avatar\/bfa221db63a615db154bcb5b3b83101c01a68321277aead0e6863b31401c514b?s=96&d=mm&r=g","url":"https:\/\/secure.gravatar.com\/avatar\/bfa221db63a615db154bcb5b3b83101c01a68321277aead0e6863b31401c514b?s=96&d=mm&r=g","contentUrl":"https:\/\/secure.gravatar.com\/avatar\/bfa221db63a615db154bcb5b3b83101c01a68321277aead0e6863b31401c514b?s=96&d=mm&r=g","caption":"Webmaster"},"sameAs":["https:\/\/pmab.it"]}]}},"_links":{"self":[{"href":"https:\/\/pmab.it\/it\/wp-json\/wp\/v2\/posts\/948","targetHints":{"allow":["GET"]}}],"collection":[{"href":"https:\/\/pmab.it\/it\/wp-json\/wp\/v2\/posts"}],"about":[{"href":"https:\/\/pmab.it\/it\/wp-json\/wp\/v2\/types\/post"}],"author":[{"embeddable":true,"href":"https:\/\/pmab.it\/it\/wp-json\/wp\/v2\/users\/1"}],"replies":[{"embeddable":true,"href":"https:\/\/pmab.it\/it\/wp-json\/wp\/v2\/comments?post=948"}],"version-history":[{"count":0,"href":"https:\/\/pmab.it\/it\/wp-json\/wp\/v2\/posts\/948\/revisions"}],"wp:attachment":[{"href":"https:\/\/pmab.it\/it\/wp-json\/wp\/v2\/media?parent=948"}],"wp:term":[{"taxonomy":"category","embeddable":true,"href":"https:\/\/pmab.it\/it\/wp-json\/wp\/v2\/categories?post=948"},{"taxonomy":"post_tag","embeddable":true,"href":"https:\/\/pmab.it\/it\/wp-json\/wp\/v2\/tags?post=948"}],"curies":[{"name":"wp","href":"https:\/\/api.w.org\/{rel}","templated":true}]}}